{"id":15042,"date":"2025-06-13T17:41:41","date_gmt":"2025-06-13T21:41:41","guid":{"rendered":"https:\/\/agromt.news\/?p=15042"},"modified":"2025-06-13T17:41:41","modified_gmt":"2025-06-13T21:41:41","slug":"confirmado-primeiro-caso-em-goias","status":"publish","type":"post","link":"https:\/\/agromt.news\/?p=15042","title":{"rendered":"confirmado primeiro caso em Goi\u00e1s"},"content":{"rendered":"<p> <br \/>\n<br \/><img decoding=\"async\" src=\"https:\/\/agromt.news\/wp-content\/uploads\/2025\/05\/ABPA-e-ASGAV-dizem-que-situacao-e-pontual-e-apoiam.jpg\" \/><\/p>\n<div>\n<p>A Ag\u00eancia Goiana de Defesa Agropecu\u00e1ria (Agrodefesa) confirmou nesta sexta-feira (13) a detec\u00e7\u00e3o do primeiro foco de influenza avi\u00e1ria de alta patogenicidade (gripe asi\u00e1tica) em Goi\u00e1s. O caso foi registrado em aves de subsist\u00eancia no munic\u00edpio de Santo Ant\u00f4nio da Barra, regi\u00e3o sudoeste de <strong><a href=\"http:\/\/www.canalrural.com.br\/tag\/goias\/\">Goi\u00e1s<\/a><\/strong>. <\/p>\n<p>O resultado foi divulgado ap\u00f3s an\u00e1lises realizadas pelo Laborat\u00f3rio Federal de Defesa Agropecu\u00e1ria (LFDA) do Minist\u00e9rio de Agricultura e Pecu\u00e1ria (Mapa).<\/p>\n<p>A notifica\u00e7\u00e3o da suspeita foi feita \u00e0 ag\u00eancia na \u00faltima segunda-feira (9), com relatos de morte de cerca de 100 galinhas que apresentaram sinais como asas ca\u00eddas, secre\u00e7\u00e3o nasal, dificuldade respirat\u00f3ria, apatia, diarreia e edema de face. <\/p>\n<p>\u201cMesmo sendo um caso isolado, sem impacto no com\u00e9rcio de produtos av\u00edcolas, a confirma\u00e7\u00e3o refor\u00e7a a necessidade de intensificarmos as medidas de conten\u00e7\u00e3o e de vigil\u00e2ncia. J\u00e1 mobilizamos nossas equipes para atuarem na \u00e1rea afetada, com a\u00e7\u00f5es de controle sanit\u00e1rio, investiga\u00e7\u00e3o epidemiol\u00f3gica e refor\u00e7o das orienta\u00e7\u00f5es \u00e0 popula\u00e7\u00e3o. A Agrodefesa segue atenta e comprometida com a prote\u00e7\u00e3o da avicultura goiana\u201d, afirma o presidente da Agrodefesa, Jos\u00e9 Ricardo Caixeta Ramos.<\/p>\n<\/div>\n<div>\n<p>Ele acrescenta que \u00e9 importante ressaltar que a influenza avi\u00e1ria n\u00e3o representa risco \u00e0 sa\u00fade humana, quando n\u00e3o h\u00e1 contato direto com aves doentes, e que o consumo de carne de aves e de ovos continua seguro para a popula\u00e7\u00e3o.<\/p>\n<h2 class=\"wp-block-heading\" id=\"h-medidas-de-contencao-e-controle\">Medidas de conten\u00e7\u00e3o e controle<\/h2>\n<p>Como parte do Plano Estadual de Conting\u00eancia para a Influenza Avi\u00e1ria, a Agrodefesa j\u00e1 colocou em opera\u00e7\u00e3o um Grupo Especial de Emerg\u00eancia Zoossanit\u00e1ria, com apoio de setores como seguran\u00e7a p\u00fablica, Defesa Civil e prefeitura do munic\u00edpio afetado. Uma equipe t\u00e9cnica da ag\u00eancia estar\u00e1 no local para as atividades de vigil\u00e2ncia e monitoramento. O foco do trabalho, segundo a Agrodefesa, est\u00e1 concentrado em a\u00e7\u00f5es imediatas e coordenadas para conter a dissemina\u00e7\u00e3o do v\u00edrus, proteger a sa\u00fade animal e humana e preservar a produ\u00e7\u00e3o av\u00edcola goiana.<\/p>\n<p>Entre as a\u00e7\u00f5es emergenciais est\u00e3o a implanta\u00e7\u00e3o de vigil\u00e2ncia no raio de dez quil\u00f4metros ao redor do foco, com monitoramento intensivo do tr\u00e2nsito de aves, ovos e materiais av\u00edcolas, restri\u00e7\u00e3o de movimenta\u00e7\u00f5es e refor\u00e7o nas barreiras sanit\u00e1rias e suspens\u00e3o tempor\u00e1ria de feiras e exposi\u00e7\u00f5es com aves vivas nas regi\u00f5es afetadas.<\/p>\n<p>O trabalho de educa\u00e7\u00e3o sanit\u00e1ria tamb\u00e9m faz parte, por meio da conscientiza\u00e7\u00e3o de produtores, profissionais, imprensa e popula\u00e7\u00e3o local sobre os riscos e medidas de preven\u00e7\u00e3o, al\u00e9m da necessidade de notifica\u00e7\u00e3o em caso de suspeitas da doen\u00e7a.<\/p>\n<\/p><\/div>\n<p><br \/>\n<br \/><a href=\"https:\/\/www.canalrural.com.br\/aves-e-suinos\/gripe-aviario-confirmado-primeiro-caso-em-goias\/\">Source link <\/a><\/p>\n","protected":false},"excerpt":{"rendered":"<p>A Ag\u00eancia Goiana de Defesa Agropecu\u00e1ria (Agrodefesa) confirmou nesta sexta-feira (13) a detec\u00e7\u00e3o do primeiro foco de influenza avi\u00e1ria de<\/p>\n","protected":false},"author":1,"featured_media":13801,"comment_status":"open","ping_status":"open","sticky":false,"template":"","format":"standard","meta":{"_monsterinsights_skip_tracking":false,"_monsterinsights_sitenote_active":false,"_monsterinsights_sitenote_note":"","_monsterinsights_sitenote_category":0,"_uf_show_specific_survey":0,"_uf_disable_surveys":false,"footnotes":""},"categories":[1],"tags":[],"class_list":["post-15042","post","type-post","status-publish","format-standard","has-post-thumbnail","hentry","category-news"],"_links":{"self":[{"href":"https:\/\/agromt.news\/index.php?rest_route=\/wp\/v2\/posts\/15042"}],"collection":[{"href":"https:\/\/agromt.news\/index.php?rest_route=\/wp\/v2\/posts"}],"about":[{"href":"https:\/\/agromt.news\/index.php?rest_route=\/wp\/v2\/types\/post"}],"author":[{"embeddable":true,"href":"https:\/\/agromt.news\/index.php?rest_route=\/wp\/v2\/users\/1"}],"replies":[{"embeddable":true,"href":"https:\/\/agromt.news\/index.php?rest_route=%2Fwp%2Fv2%2Fcomments&post=15042"}],"version-history":[{"count":0,"href":"https:\/\/agromt.news\/index.php?rest_route=\/wp\/v2\/posts\/15042\/revisions"}],"wp:featuredmedia":[{"embeddable":true,"href":"https:\/\/agromt.news\/index.php?rest_route=\/wp\/v2\/media\/13801"}],"wp:attachment":[{"href":"https:\/\/agromt.news\/index.php?rest_route=%2Fwp%2Fv2%2Fmedia&parent=15042"}],"wp:term":[{"taxonomy":"category","embeddable":true,"href":"https:\/\/agromt.news\/index.php?rest_route=%2Fwp%2Fv2%2Fcategories&post=15042"},{"taxonomy":"post_tag","embeddable":true,"href":"https:\/\/agromt.news\/index.php?rest_route=%2Fwp%2Fv2%2Ftags&post=15042"}],"curies":[{"name":"wp","href":"https:\/\/api.w.org\/{rel}","templated":true}]}}