{"id":1504,"date":"2024-09-12T19:37:17","date_gmt":"2024-09-12T23:37:17","guid":{"rendered":"https:\/\/agromt.news\/?p=1504"},"modified":"2024-09-12T19:37:17","modified_gmt":"2024-09-12T23:37:17","slug":"parlamentares-reagem-ao-veto-a-prorrogacao-de-dividas-rurais","status":"publish","type":"post","link":"https:\/\/agromt.news\/?p=1504","title":{"rendered":"Parlamentares reagem ao veto \u00e0 prorroga\u00e7\u00e3o de d\u00edvidas rurais"},"content":{"rendered":"<p> <br \/>\n<\/p>\n<div>\n<div class=\"row\">\n<div class=\"col-lg col-infos mt-3 mt-lg-0\">\n<div class=\"section-sub-title\">\n<p itemprop=\"description\">\nMecias criticou o veto, afirmando que foi baseado em uma justificativa &#8220;equivocada&#8221;\n<\/p>\n<\/div>\n<div class=\"container\">\n<div class=\"row\">\n<div class=\"col-lg p-0\">\n<div>\n<div class=\"block-news-main-infos mt-3 text-start\">\n<strong class=\"fn\" itemprop=\"author\" style=\"color: rgb(112, 112, 112); \"><br \/>\n<a href=\"https:\/\/www.agrolink.com.br\/noticias\/javascript:;\" class=\"text-uppercase\" target=\"_blank\" style=\"color: rgb(112, 112, 112); \" rel=\"noopener\">Agrolink<\/a><br \/>\n&#8211; Leonardo Gottems<br \/>\n<\/strong><br \/>\n<br \/>\n<abbr><time datetime=\"2024-09-12T15:40\" itemprop=\"datePublished dateModified\">Publicado em 12\/09\/2024 \u00e0s 15:40h.<\/time><\/abbr>\n<\/div>\n<\/div>\n<\/div>\n<div class=\"col-lg p-0 text-lg-end\">\n<div>\n<div id=\"mdEnviarPagina\" class=\"modal fade\" role=\"dialog\">\n<div class=\"modal-dialog\">\n<div class=\"modal-content\">\n<div class=\"modal-body\">\n<p><strong>Estimado usu\u00e1rio.<\/strong><br \/>Preencha o formul\u00e1rio abaixo para remeter a p\u00e1gina.<\/p>\n<\/div>\n<\/div>\n<\/div>\n<\/div>\n<\/div>\n<\/div>\n<\/div>\n<\/div>\n<\/div>\n<\/div>\n<div class=\"row justify-content-md-center mt-3\">\n<div class=\"col-lg-auto col-image  block-news-main-image d-none d-md-block\">\n<img decoding=\"async\" src=\"https:\/\/www.agrolink.com.br\/upload\/imagens-resizes\/fe224adefde44950adff3d4bc1a2c04f_858x483.jpg\" class=\"lazyload\" alt=\"Mecias criticou o veto, afirmando que foi baseado em uma justificativa &quot;equivocada&quot; \"\/><br \/>\n<span class=\"d-block mt-1\">Mecias criticou o veto, afirmando que foi baseado em uma justificativa &#8220;equivocada&#8221; &#8211; Foto: Agencia Brasil<\/span>\n<\/div>\n<\/div>\n<div class=\"section-description section-description-noticias mt-3\">\n<p>De acordo com informa\u00e7\u00f5es da Frente Parlamentar da Agropecu\u00e1ria, o presidente Luiz In\u00e1cio Lula da Silva vetou integralmente o Projeto de Lei 397\/2024, que permitia a prorroga\u00e7\u00e3o do pagamento de financiamentos de cr\u00e9dito rural em munic\u00edpios e no Distrito Federal afetados por calamidades clim\u00e1ticas, como secas ou enchentes. A proposta, de autoria do senador Mecias de Jesus, previa a extens\u00e3o do prazo de pagamento em at\u00e9 quatro anos, sem perd\u00e3o de d\u00edvidas, para produtores de regi\u00f5es atingidas.\n<\/p>\n<p>Mecias criticou o veto, afirmando que foi baseado em uma justificativa &#8220;equivocada&#8221; sobre poss\u00edveis preju\u00edzos \u00e0 arrecada\u00e7\u00e3o p\u00fablica. A Frente Parlamentar da Agropecu\u00e1ria (FPA) apoiou a medida, buscando beneficiar produtores afetados por desastres naturais. A deputada Marussa Boldrin (MDB-GO), relatora do projeto na C\u00e2mara dos Deputados, criticou o veto ao socorro aos produtores afetados por eventos clim\u00e1ticos, considerando a decis\u00e3o um &#8220;desservi\u00e7o&#8221; do governo. Ela destacou a dedica\u00e7\u00e3o dos produtores, que trabalham sob condi\u00e7\u00f5es adversas, e lamentou que, quando eles precisam de ajuda, suas contribui\u00e7\u00f5es di\u00e1rias sejam ignoradas.\n<\/p>\n<p>A medida vetada, que suspendia os pagamentos de financiamentos rurais por at\u00e9 48 meses, abrangia programas como Pronaf, Pronamp, Moderinfra e Inovagro, al\u00e9m de financiamentos pelo Banco do Brasil e Caixa Econ\u00f4mica Federal. Um regulamento espec\u00edfico seria elaborado para definir as normas dessa suspens\u00e3o. A proposta beneficiaria produtores afetados pela trag\u00e9dia no Rio Grande do Sul, assim como em outros estados e munic\u00edpios do pa\u00eds que enfrentassem desastres clim\u00e1ticos.<br \/>\u00a0\n<\/p>\n<\/div>\n<\/div>\n<p><script data-cfasync=\"false\">\n    !function (f, b, e, v, n, t, s) {\n        if (f.fbq) return; n = f.fbq = function () {\n            n.callMethod ?\n                n.callMethod.apply(n, arguments) : n.queue.push(arguments)\n        };\n        if (!f._fbq) f._fbq = n; n.push = n; n.loaded = !0; n.version = '2.0';\n        n.queue = []; t = b.createElement(e); t.async = !0;\n        t.src = v; s = b.getElementsByTagName(e)[0];\n        s.parentNode.insertBefore(t, s)\n    }(window, document, 'script',\n        'https:\/\/connect.facebook.net\/en_US\/fbevents.js');\n    fbq('init', '522546078623747');\n    fbq('track', 'PageView');\n<\/script><br \/>\n<br \/><br \/>\n<br \/><a href=\"https:\/\/www.agrolink.com.br\/noticias\/parlamentares-reagem-ao-veto-a-prorrogacao-de-dividas-rurais_494902.html\">Source link <\/a><\/p>\n","protected":false},"excerpt":{"rendered":"<p>Mecias criticou o veto, afirmando que foi baseado em uma justificativa &#8220;equivocada&#8221; Agrolink &#8211; Leonardo Gottems Publicado em 12\/09\/2024 \u00e0s<\/p>\n","protected":false},"author":1,"featured_media":1505,"comment_status":"open","ping_status":"open","sticky":false,"template":"","format":"standard","meta":{"_monsterinsights_skip_tracking":false,"_monsterinsights_sitenote_active":false,"_monsterinsights_sitenote_note":"","_monsterinsights_sitenote_category":0,"_uf_show_specific_survey":0,"_uf_disable_surveys":false,"footnotes":""},"categories":[8,1,14],"tags":[],"class_list":["post-1504","post","type-post","status-publish","format-standard","has-post-thumbnail","hentry","category-agro","category-news","category-politica-agro"],"_links":{"self":[{"href":"https:\/\/agromt.news\/index.php?rest_route=\/wp\/v2\/posts\/1504"}],"collection":[{"href":"https:\/\/agromt.news\/index.php?rest_route=\/wp\/v2\/posts"}],"about":[{"href":"https:\/\/agromt.news\/index.php?rest_route=\/wp\/v2\/types\/post"}],"author":[{"embeddable":true,"href":"https:\/\/agromt.news\/index.php?rest_route=\/wp\/v2\/users\/1"}],"replies":[{"embeddable":true,"href":"https:\/\/agromt.news\/index.php?rest_route=%2Fwp%2Fv2%2Fcomments&post=1504"}],"version-history":[{"count":0,"href":"https:\/\/agromt.news\/index.php?rest_route=\/wp\/v2\/posts\/1504\/revisions"}],"wp:featuredmedia":[{"embeddable":true,"href":"https:\/\/agromt.news\/index.php?rest_route=\/wp\/v2\/media\/1505"}],"wp:attachment":[{"href":"https:\/\/agromt.news\/index.php?rest_route=%2Fwp%2Fv2%2Fmedia&parent=1504"}],"wp:term":[{"taxonomy":"category","embeddable":true,"href":"https:\/\/agromt.news\/index.php?rest_route=%2Fwp%2Fv2%2Fcategories&post=1504"},{"taxonomy":"post_tag","embeddable":true,"href":"https:\/\/agromt.news\/index.php?rest_route=%2Fwp%2Fv2%2Ftags&post=1504"}],"curies":[{"name":"wp","href":"https:\/\/api.w.org\/{rel}","templated":true}]}}