{"id":15036,"date":"2025-06-13T15:59:08","date_gmt":"2025-06-13T19:59:08","guid":{"rendered":"https:\/\/agromt.news\/?p=15036"},"modified":"2025-06-13T15:59:08","modified_gmt":"2025-06-13T19:59:08","slug":"com-plantio-iniciado-estado-brasileiro-deve-expandir-area-de-soja-em-ate-7","status":"publish","type":"post","link":"https:\/\/agromt.news\/?p=15036","title":{"rendered":"Com plantio iniciado, estado brasileiro deve expandir \u00e1rea de soja em at\u00e9 7%"},"content":{"rendered":"<p> <br \/>\n<br \/><img decoding=\"async\" src=\"https:\/\/agromt.news\/wp-content\/uploads\/2025\/06\/Com-plantio-iniciado-estado-brasileiro-deve-expandir-area-de-soja.jpg\" \/><\/p>\n<div>\n<p>Os meses de junho e julho prometem ser favor\u00e1veis para o estado de <a href=\"https:\/\/www.canalrural.com.br\/?s=Soja+em+Roraima\">Roraima <\/a>neste ano. As previs\u00f5es indicam chuvas dentro ou acima da m\u00e9dia, o que deve contribuir para uma alta produtividade dos produtores de soja locais. Essa antecipa\u00e7\u00e3o permite aproveitar as melhores condi\u00e7\u00f5es clim\u00e1ticas antes do poss\u00edvel fim das chuvas em agosto, caso o fen\u00f4meno El Ni\u00f1o se confirme.<\/p>\n<ul class=\"wp-block-list\">\n<li><strong><em>Fique por dentro das novidades e not\u00edcias recentes sobre a soja! Participe da nossa comunidade atrav\u00e9s do\u00a0<a href=\"https:\/\/chat.whatsapp.com\/BmMRwA0TZ2DHGyhzoaVEWu\">link<\/a><\/em><\/strong>!<\/li>\n<\/ul>\n<p>O plantio no estado teve in\u00edcio ainda em mar\u00e7o para os produtores que j\u00e1 tinham os insumos dispon\u00edveis, aproveitando o volume de chuvas acima da m\u00e9dia registrado entre mar\u00e7o e in\u00edcio de abril, que totalizou cerca de 400 mm. Segundo o presidente da Aprosoja Roraima, Murilo Ferrari, essas condi\u00e7\u00f5es ajudaram no preparo do solo, na rea\u00e7\u00e3o do calc\u00e1rio e no manejo eficiente das plantas daninhas, favorecendo o desenvolvimento das lavouras.<\/p>\n<\/div>\n<div>\n<h2 class=\"wp-block-heading\" id=\"h-area-de-soja-cultivada-no-estado\">\u00c1rea de soja cultivada no estado<\/h2>\n<p>Em rela\u00e7\u00e3o \u00e0 \u00e1rea cultivada, Murilo destaca que a associa\u00e7\u00e3o projeta um crescimento de 6% a 7%, com cerca de 125 mil a 128 mil hectares destinados \u00e0 soja. Por\u00e9m, ele ressalta que os altos custos de produ\u00e7\u00e3o e a rentabilidade apertada t\u00eam levado muitos produtores a postergar a abertura de novas \u00e1reas, optando por investir na recupera\u00e7\u00e3o e no aumento da produtividade das \u00e1reas j\u00e1 estabelecidas.<\/p>\n<p>Por fim, Ferrari ressalta que o estado possui uma vantagem no calend\u00e1rio de comercializa\u00e7\u00e3o, atuando em um per\u00edodo diferente do restante do Brasil. Essa diferen\u00e7a permite aos produtores aproveitar oportunidades de venda em um momento em que a disputa comercial entre Estados Unidos e China pode favorecer a soja brasileira. O presidente se mostra otimista quanto \u00e0 safra e convida produtores e investidores a conhecerem melhor o potencial do estado.<\/p>\n<\/p><\/div>\n<p><br \/>\n<br \/><a href=\"https:\/\/www.canalrural.com.br\/agricultura\/projeto-soja-brasil\/com-plantio-iniciado-estado-brasileiro-deve-expandir-area-de-soja-em-ate-7-saiba-qual\/\">Source link <\/a><\/p>\n","protected":false},"excerpt":{"rendered":"<p>Os meses de junho e julho prometem ser favor\u00e1veis para o estado de Roraima neste ano. As previs\u00f5es indicam chuvas<\/p>\n","protected":false},"author":1,"featured_media":15037,"comment_status":"open","ping_status":"open","sticky":false,"template":"","format":"standard","meta":{"_monsterinsights_skip_tracking":false,"_monsterinsights_sitenote_active":false,"_monsterinsights_sitenote_note":"","_monsterinsights_sitenote_category":0,"_uf_show_specific_survey":0,"_uf_disable_surveys":false,"footnotes":""},"categories":[1],"tags":[],"class_list":["post-15036","post","type-post","status-publish","format-standard","has-post-thumbnail","hentry","category-news"],"_links":{"self":[{"href":"https:\/\/agromt.news\/index.php?rest_route=\/wp\/v2\/posts\/15036"}],"collection":[{"href":"https:\/\/agromt.news\/index.php?rest_route=\/wp\/v2\/posts"}],"about":[{"href":"https:\/\/agromt.news\/index.php?rest_route=\/wp\/v2\/types\/post"}],"author":[{"embeddable":true,"href":"https:\/\/agromt.news\/index.php?rest_route=\/wp\/v2\/users\/1"}],"replies":[{"embeddable":true,"href":"https:\/\/agromt.news\/index.php?rest_route=%2Fwp%2Fv2%2Fcomments&post=15036"}],"version-history":[{"count":0,"href":"https:\/\/agromt.news\/index.php?rest_route=\/wp\/v2\/posts\/15036\/revisions"}],"wp:featuredmedia":[{"embeddable":true,"href":"https:\/\/agromt.news\/index.php?rest_route=\/wp\/v2\/media\/15037"}],"wp:attachment":[{"href":"https:\/\/agromt.news\/index.php?rest_route=%2Fwp%2Fv2%2Fmedia&parent=15036"}],"wp:term":[{"taxonomy":"category","embeddable":true,"href":"https:\/\/agromt.news\/index.php?rest_route=%2Fwp%2Fv2%2Fcategories&post=15036"},{"taxonomy":"post_tag","embeddable":true,"href":"https:\/\/agromt.news\/index.php?rest_route=%2Fwp%2Fv2%2Ftags&post=15036"}],"curies":[{"name":"wp","href":"https:\/\/api.w.org\/{rel}","templated":true}]}}