{"id":15034,"date":"2025-06-13T15:50:38","date_gmt":"2025-06-13T19:50:38","guid":{"rendered":"https:\/\/agromt.news\/?p=15034"},"modified":"2025-06-13T15:50:38","modified_gmt":"2025-06-13T19:50:38","slug":"tecnologia-e-inovacao-ganham-destaque-no-pavilhao-coberto-da-bahia-farm-show-2025","status":"publish","type":"post","link":"https:\/\/agromt.news\/?p=15034","title":{"rendered":"Tecnologia e inova\u00e7\u00e3o ganham destaque no pavilh\u00e3o coberto da Bahia Farm Show 2025"},"content":{"rendered":"<p> <br \/>\n<\/p>\n<div>\n<div class=\"row\">\n<div class=\"col-lg col-infos mt-0 mt-lg-0\">\n<div class=\"section-sub-title\">\n<p itemprop=\"description\">&#13;<br \/>\n                                Evento re\u00fane mais de mil marcas que apresentam solu\u00e7\u00f5es voltadas \u00e0 moderniza\u00e7\u00e3o&#13;\n                            <\/p>\n<\/p><\/div>\n<div class=\"container\">\n<div class=\"row\">\n<div class=\"col-lg p-0 text-lg-end\">\n<div>\n<div id=\"mdEnviarPagina\" class=\"modal fade\" role=\"dialog\">\n<div class=\"modal-dialog\">\n<div class=\"modal-content\">\n<div class=\"modal-body\">\n<p><strong>Estimado usu\u00e1rio.<\/strong><br \/>Preencha o formul\u00e1rio abaixo para remeter a p\u00e1gina.<\/p>\n<\/p><\/div>\n<\/p><\/div>\n<\/p><\/div>\n<\/div><\/div>\n<\/p><\/div>\n<\/p><\/div>\n<\/p><\/div>\n<\/p><\/div>\n<\/p><\/div>\n<div class=\"row justify-content-md-center mt-3\">\n<div class=\"col-lg-auto col-image block-news-main-image\">\n<p>                                <img decoding=\"async\" src=\"https:\/\/www.agrolink.com.br\/upload\/imagens-resizes\/86e28de6a16b4bb6a91eb3a697794294_858x483.jpg\" class=\"lazyload img-fluid\"\/><br \/>\n                                                <span class=\"publicity-photo d-block mt-1\">Foto: Divulga\u00e7\u00e3o<\/span><\/p><\/div>\n<\/p><\/div>\n<div class=\"section-description section-description-noticias mt-3\">\n<p style=\"text-align:justify\">A 19\u00aa edi\u00e7\u00e3o da Bahia Farm Show confirma mais uma vez seu protagonismo como vitrine de inova\u00e7\u00e3o no agroneg\u00f3cio. J\u00e1 consolidada como a maior feira tecnol\u00f3gica do Norte e Nordeste do Brasil, o evento re\u00fane mais de mil marcas que apresentam solu\u00e7\u00f5es voltadas \u00e0 moderniza\u00e7\u00e3o e \u00e0 efici\u00eancia do trabalho no campo. Entre os destaques, o pavilh\u00e3o coberto se tornou um verdadeiro centro de converg\u00eancia entre tecnologia, seguran\u00e7a e praticidade para o homem do campo.&#13;\n<\/p>\n<p style=\"text-align:justify\">De S\u00e3o Paulo, o casal Munisia e Kleber Veloso, do Grupo El\u00e9trica, apostou na apresenta\u00e7\u00e3o de um sistema preventivo inovador que detecta tempestades e descargas el\u00e9tricas a longa dist\u00e2ncia. O &#8220;previstorm&#8221;, como \u00e9 chamado, utiliza um software desenvolvido na Espanha que emite alertas com at\u00e9 50 quil\u00f4metros de anteced\u00eancia. \u201cEssa \u00e9 a nossa terceira participa\u00e7\u00e3o na Bahia Farm Show e, este ano, viemos com essa solu\u00e7\u00e3o que permite ao produtor rural antecipar medidas de seguran\u00e7a e proteger sua propriedade. A precis\u00e3o \u00e9 total\u201d, afirma Kleber.<\/p>\n<p style=\"text-align:justify\">Outro exemplo de como a tecnologia est\u00e1 cada vez mais presente na rotina rural \u00e9 o inversor de frequ\u00eancia apresentado pela empresa Deel. Segundo o engenheiro el\u00e9trico Ant\u00f4nio Lima, o equipamento \u00e9 capaz de controlar a velocidade de motores, otimizando o uso de energia em diversas m\u00e1quinas utilizadas na agricultura. \u201cA proposta \u00e9 facilitar a opera\u00e7\u00e3o no campo, oferecendo mais controle, economia e durabilidade aos equipamentos. A eletricidade \u00e9 uma aliada fundamental na mecaniza\u00e7\u00e3o rural\u201d, pontua.&#13;\n<\/p>\n<p style=\"text-align:justify\">O espa\u00e7o do pavilh\u00e3o abriga uma diversidade que reflete as m\u00faltiplas dimens\u00f5es da vida e do trabalho no campo. Al\u00e9m das inova\u00e7\u00f5es tecnol\u00f3gicas, o p\u00fablico encontra tamb\u00e9m doces artesanais, botas e acess\u00f3rios at\u00e9 solu\u00e7\u00f5es de grande porte, como f\u00e1bricas de adubo, equipamentos para produ\u00e7\u00e3o agr\u00edcola e sistemas de pavimenta\u00e7\u00e3o, como a venda da massa asf\u00e1ltica estoc\u00e1vel. Nos dois primeiros dias de Bahia Farm Show, cerca de 40 mil pessoas j\u00e1 passaram pelo complexo em Lu\u00eds Eduardo Magalh\u00e3es. A expectativa \u00e9 que mais de 100 visitantes passem pela feira agr\u00edcola at\u00e9 s\u00e1bado (14).<\/p>\n<\/p><\/div>\n<\/p><\/div>\n<p><script data-cfasync=\"false\">\n    !function (f, b, e, v, n, t, s) {\n        if (f.fbq) return; n = f.fbq = function () {\n            n.callMethod ?\n                n.callMethod.apply(n, arguments) : n.queue.push(arguments)\n        };\n        if (!f._fbq) f._fbq = n; n.push = n; n.loaded = !0; n.version = '2.0';\n        n.queue = []; t = b.createElement(e); t.async = !0;\n        t.src = v; s = b.getElementsByTagName(e)[0];\n        s.parentNode.insertBefore(t, s)\n    }(window, document, 'script',\n        'https:\/\/connect.facebook.net\/en_US\/fbevents.js');\n    fbq('init', '522546078623747');\n    fbq('track', 'PageView');\n<\/script><br \/>\n<br \/><br \/>\n<br \/><a href=\"https:\/\/www.agrolink.com.br\/noticias\/tecnologia-e-inovacao-ganham-destaque-no-pavilhao-coberto-da-bahia-farm-show-2025_502892.html\">Source link <\/a><\/p>\n","protected":false},"excerpt":{"rendered":"<p>&#13; Evento re\u00fane mais de mil marcas que apresentam solu\u00e7\u00f5es voltadas \u00e0 moderniza\u00e7\u00e3o&#13; Estimado usu\u00e1rio.Preencha o formul\u00e1rio abaixo para remeter<\/p>\n","protected":false},"author":1,"featured_media":15035,"comment_status":"open","ping_status":"open","sticky":false,"template":"","format":"standard","meta":{"_monsterinsights_skip_tracking":false,"_monsterinsights_sitenote_active":false,"_monsterinsights_sitenote_note":"","_monsterinsights_sitenote_category":0,"_uf_show_specific_survey":0,"_uf_disable_surveys":false,"footnotes":""},"categories":[8,1,14],"tags":[],"class_list":["post-15034","post","type-post","status-publish","format-standard","has-post-thumbnail","hentry","category-agro","category-news","category-politica-agro"],"_links":{"self":[{"href":"https:\/\/agromt.news\/index.php?rest_route=\/wp\/v2\/posts\/15034"}],"collection":[{"href":"https:\/\/agromt.news\/index.php?rest_route=\/wp\/v2\/posts"}],"about":[{"href":"https:\/\/agromt.news\/index.php?rest_route=\/wp\/v2\/types\/post"}],"author":[{"embeddable":true,"href":"https:\/\/agromt.news\/index.php?rest_route=\/wp\/v2\/users\/1"}],"replies":[{"embeddable":true,"href":"https:\/\/agromt.news\/index.php?rest_route=%2Fwp%2Fv2%2Fcomments&post=15034"}],"version-history":[{"count":0,"href":"https:\/\/agromt.news\/index.php?rest_route=\/wp\/v2\/posts\/15034\/revisions"}],"wp:featuredmedia":[{"embeddable":true,"href":"https:\/\/agromt.news\/index.php?rest_route=\/wp\/v2\/media\/15035"}],"wp:attachment":[{"href":"https:\/\/agromt.news\/index.php?rest_route=%2Fwp%2Fv2%2Fmedia&parent=15034"}],"wp:term":[{"taxonomy":"category","embeddable":true,"href":"https:\/\/agromt.news\/index.php?rest_route=%2Fwp%2Fv2%2Fcategories&post=15034"},{"taxonomy":"post_tag","embeddable":true,"href":"https:\/\/agromt.news\/index.php?rest_route=%2Fwp%2Fv2%2Ftags&post=15034"}],"curies":[{"name":"wp","href":"https:\/\/api.w.org\/{rel}","templated":true}]}}