{"id":15030,"date":"2025-06-13T11:36:28","date_gmt":"2025-06-13T15:36:28","guid":{"rendered":"https:\/\/agromt.news\/?p=15030"},"modified":"2025-06-13T11:36:28","modified_gmt":"2025-06-13T15:36:28","slug":"exportacoes-batem-recorde-no-mes-de-maio","status":"publish","type":"post","link":"https:\/\/agromt.news\/?p=15030","title":{"rendered":"exporta\u00e7\u00f5es batem recorde no m\u00eas de maio"},"content":{"rendered":"<p> <br \/>\n<br \/><img decoding=\"async\" src=\"https:\/\/agromt.news\/wp-content\/uploads\/2025\/03\/EUA-aumentam-em-90-importacao-de-ovos-do-Brasil.jpg\" \/><\/p>\n<div>\n<p>Na contram\u00e3o do que foi observado para a carne de frango, as exporta\u00e7\u00f5es brasileiras de ovos (<em>in natura <\/em>e processados) continuaram avan\u00e7ando em maio. As cota\u00e7\u00f5es avan\u00e7am mesmo ap\u00f3s \u00e0s restri\u00e7\u00f5es comerciais impostas frente ao caso de gripe avi\u00e1ria, de acordo com o <a href=\"https:\/\/www.canalrural.com.br\/tag\/cepea\/\">Centro de Estudos Avan\u00e7ados em Economia Aplicada (Cepea)<\/a>.<\/p>\n<p>A alta nas vendas veio principalmente pela forte e constante demanda dos Estados Unidos, que absorveram 77,8% das exporta\u00e7\u00f5es no m\u00eas passado. Dessa forma, o volume foi o maior j\u00e1 registrado na s\u00e9rie hist\u00f3rica da Secex, iniciada em 1997.\u00a0<\/p>\n<\/div>\n<div>\n<p>Segundo dados da Secex, compilados e analisados pelo Cepea, a soma embarcada foi de 5,36 mil toneladas de ovos <em>in natura<\/em> e processados em maio. Representando, assim, aumentos de 23% em rela\u00e7\u00e3o a abril e de fortes 296% na compara\u00e7\u00e3o anual.\u00a0<\/p>\n<p>No mercado dom\u00e9stico, levantamentos do Cepea mostram que as cota\u00e7\u00f5es dos ovos est\u00e3o em alta pela segunda semana consecutiva em todas as regi\u00f5es acompanhadas. A combina\u00e7\u00e3o de oferta controlada e demanda aquecida tem sustentado as eleva\u00e7\u00f5es nesta primeira quinzena de junho, conforme os pesquisadores.<\/p>\n<p><em>*Sob supervis\u00e3o de Luis Roberto Toledo<\/em><\/p>\n<\/p><\/div>\n<p><br \/>\n<br \/><a href=\"https:\/\/www.canalrural.com.br\/aves-e-suinos\/ovos-exportacoes-batem-recorde-no-mes-de-maio\/\">Source link <\/a><\/p>\n","protected":false},"excerpt":{"rendered":"<p>Na contram\u00e3o do que foi observado para a carne de frango, as exporta\u00e7\u00f5es brasileiras de ovos (in natura e processados)<\/p>\n","protected":false},"author":1,"featured_media":11411,"comment_status":"open","ping_status":"open","sticky":false,"template":"","format":"standard","meta":{"_monsterinsights_skip_tracking":false,"_monsterinsights_sitenote_active":false,"_monsterinsights_sitenote_note":"","_monsterinsights_sitenote_category":0,"_uf_show_specific_survey":0,"_uf_disable_surveys":false,"footnotes":""},"categories":[1],"tags":[],"class_list":["post-15030","post","type-post","status-publish","format-standard","has-post-thumbnail","hentry","category-news"],"_links":{"self":[{"href":"https:\/\/agromt.news\/index.php?rest_route=\/wp\/v2\/posts\/15030"}],"collection":[{"href":"https:\/\/agromt.news\/index.php?rest_route=\/wp\/v2\/posts"}],"about":[{"href":"https:\/\/agromt.news\/index.php?rest_route=\/wp\/v2\/types\/post"}],"author":[{"embeddable":true,"href":"https:\/\/agromt.news\/index.php?rest_route=\/wp\/v2\/users\/1"}],"replies":[{"embeddable":true,"href":"https:\/\/agromt.news\/index.php?rest_route=%2Fwp%2Fv2%2Fcomments&post=15030"}],"version-history":[{"count":0,"href":"https:\/\/agromt.news\/index.php?rest_route=\/wp\/v2\/posts\/15030\/revisions"}],"wp:featuredmedia":[{"embeddable":true,"href":"https:\/\/agromt.news\/index.php?rest_route=\/wp\/v2\/media\/11411"}],"wp:attachment":[{"href":"https:\/\/agromt.news\/index.php?rest_route=%2Fwp%2Fv2%2Fmedia&parent=15030"}],"wp:term":[{"taxonomy":"category","embeddable":true,"href":"https:\/\/agromt.news\/index.php?rest_route=%2Fwp%2Fv2%2Fcategories&post=15030"},{"taxonomy":"post_tag","embeddable":true,"href":"https:\/\/agromt.news\/index.php?rest_route=%2Fwp%2Fv2%2Ftags&post=15030"}],"curies":[{"name":"wp","href":"https:\/\/api.w.org\/{rel}","templated":true}]}}