{"id":15028,"date":"2025-06-13T11:21:28","date_gmt":"2025-06-13T15:21:28","guid":{"rendered":"https:\/\/agromt.news\/?p=15028"},"modified":"2025-06-13T11:21:28","modified_gmt":"2025-06-13T15:21:28","slug":"queda-no-preco-do-frango-ameaca-poder-de-compra-do-avicultor","status":"publish","type":"post","link":"https:\/\/agromt.news\/?p=15028","title":{"rendered":"Queda no pre\u00e7o do frango amea\u00e7a poder de compra do avicultor"},"content":{"rendered":"<p> <br \/>\n<br \/><img decoding=\"async\" src=\"https:\/\/agromt.news\/wp-content\/uploads\/2025\/06\/Queda-no-preco-do-frango-ameaca-poder-de-compra-do.jpg\" \/><\/p>\n<div>\n<p>De acordo com o <a href=\"https:\/\/www.canalrural.com.br\/tag\/cepea\/\">Centro de Estudos Avan\u00e7ados em Economia Aplicada (Cepea)<\/a>, o pre\u00e7o do frango vivo vem caindo de maneira superior aos pre\u00e7os dos principais insumos da atividade.\u00a0<\/p>\n<p>Dessa forma, a queda pode vir a interromper a sequ\u00eancia e altas no poder de compra dos avicultores. Alta que vinha sendo registrada a dois meses para a soja e sete meses para o farelo de soja.\u00a0\u00a0<\/p>\n<\/div>\n<div>\n<p>Segundo o centro de pesquisas, a elevada oferta de carne de frango no mercado dom\u00e9stico reflete das restri\u00e7\u00f5es \u00e0s exporta\u00e7\u00f5es causadas pela gripe avi\u00e1ria. Esse aumento tem levado compradores a se afastarem da aquisi\u00e7\u00e3o de novos lotes, o que intensifica a press\u00e3o sobre as cota\u00e7\u00f5es neste in\u00edcio de junho.\u00a0<\/p>\n<p>No estado de S\u00e3o Paulo, o frango vivo registra m\u00e9dia de R$ 5,51\/kg na parcial deste m\u00eas. O valor representa forte recuo de 12% em rela\u00e7\u00e3o \u00e0 de maio.<\/p>\n<p><em><em>*Sob supervis\u00e3o de Luis Roberto Toledo<\/em><\/em><\/p>\n<\/p><\/div>\n<p><br \/>\n<br \/><a href=\"https:\/\/www.canalrural.com.br\/aves-e-suinos\/queda-no-preco-do-frango-ameaca-poder-de-compra-do-avicultor\/\">Source link <\/a><\/p>\n","protected":false},"excerpt":{"rendered":"<p>De acordo com o Centro de Estudos Avan\u00e7ados em Economia Aplicada (Cepea), o pre\u00e7o do frango vivo vem caindo de<\/p>\n","protected":false},"author":1,"featured_media":15029,"comment_status":"open","ping_status":"open","sticky":false,"template":"","format":"standard","meta":{"_monsterinsights_skip_tracking":false,"_monsterinsights_sitenote_active":false,"_monsterinsights_sitenote_note":"","_monsterinsights_sitenote_category":0,"_uf_show_specific_survey":0,"_uf_disable_surveys":false,"footnotes":""},"categories":[1],"tags":[],"class_list":["post-15028","post","type-post","status-publish","format-standard","has-post-thumbnail","hentry","category-news"],"_links":{"self":[{"href":"https:\/\/agromt.news\/index.php?rest_route=\/wp\/v2\/posts\/15028"}],"collection":[{"href":"https:\/\/agromt.news\/index.php?rest_route=\/wp\/v2\/posts"}],"about":[{"href":"https:\/\/agromt.news\/index.php?rest_route=\/wp\/v2\/types\/post"}],"author":[{"embeddable":true,"href":"https:\/\/agromt.news\/index.php?rest_route=\/wp\/v2\/users\/1"}],"replies":[{"embeddable":true,"href":"https:\/\/agromt.news\/index.php?rest_route=%2Fwp%2Fv2%2Fcomments&post=15028"}],"version-history":[{"count":0,"href":"https:\/\/agromt.news\/index.php?rest_route=\/wp\/v2\/posts\/15028\/revisions"}],"wp:featuredmedia":[{"embeddable":true,"href":"https:\/\/agromt.news\/index.php?rest_route=\/wp\/v2\/media\/15029"}],"wp:attachment":[{"href":"https:\/\/agromt.news\/index.php?rest_route=%2Fwp%2Fv2%2Fmedia&parent=15028"}],"wp:term":[{"taxonomy":"category","embeddable":true,"href":"https:\/\/agromt.news\/index.php?rest_route=%2Fwp%2Fv2%2Fcategories&post=15028"},{"taxonomy":"post_tag","embeddable":true,"href":"https:\/\/agromt.news\/index.php?rest_route=%2Fwp%2Fv2%2Ftags&post=15028"}],"curies":[{"name":"wp","href":"https:\/\/api.w.org\/{rel}","templated":true}]}}