{"id":15022,"date":"2025-06-13T10:36:16","date_gmt":"2025-06-13T14:36:16","guid":{"rendered":"https:\/\/agromt.news\/?p=15022"},"modified":"2025-06-13T10:36:16","modified_gmt":"2025-06-13T14:36:16","slug":"quem-vai-colocar-o-guizo-no-gato","status":"publish","type":"post","link":"https:\/\/agromt.news\/?p=15022","title":{"rendered":"Quem vai colocar o guizo no gato?"},"content":{"rendered":"<p> <br \/>\n<\/p>\n<div>\n<p>Num momento em que o Brasil vive intensa tens\u00e3o entre Executivo e Legislativo, a crise do corte de despesas \u2014 especialmente nos custos dos pr\u00f3prios poderes \u2014 assume uma fisionomia curiosamente familiar. Como os ratos da f\u00e1bula de La Fontaine, os parlamentares e o governo discutem propostas, apontam solu\u00e7\u00f5es e, ao final, ningu\u00e9m quer ser o portador da a\u00e7\u00e3o efetiva.<\/p>\n<p>Na f\u00e1bula \u201cA Reuni\u00e3o Geral dos Ratos\u201d, de Jean de La Fontaine (s\u00e9culo 17), os roedores decidem que precisam pendurar um guizo no pesco\u00e7o do gato para saber quando ele se aproxima. A ideia parece genial \u2014 at\u00e9 que surge a pergunta:\u00a0<em>\u201cQuem vai colocar o guizo no gato?\u201d<\/em>\u00a0Todos se calam. Faltava coragem, a\u00e7\u00e3o. Restava apenas a ret\u00f3rica.<\/p>\n<p>Essa met\u00e1fora atravessou s\u00e9culos e ganhou for\u00e7a no Brasil durante a Assembleia Nacional Constituinte. Ulysses Guimar\u00e3es, presidente da Constituinte e s\u00edmbolo da redemocratiza\u00e7\u00e3o, costumava repetir a imagem em seus discursos: propor reformas era f\u00e1cil \u2014 dif\u00edcil era encontrar quem tivesse coragem de enfrent\u00e1-las. \u201cTodos querem o guizo no gato, mas ningu\u00e9m quer ser o rato que assume a tarefa\u201d, dizia, diante das press\u00f5es de grupos organizados e corpora\u00e7\u00f5es de Estado.<\/p>\n<p>Hoje, mais de tr\u00eas d\u00e9cadas depois da promulga\u00e7\u00e3o da <strong><a href=\"http:\/\/www.canalrural.com.br\/tag\/constituicao\/\">Constitui\u00e7\u00e3o <\/a><\/strong>Cidad\u00e3, a f\u00e1bula segue atual. Executivo e Legislativo reconhecem a necessidade de cortar gastos, especialmente os que envolvem privil\u00e9gios do pr\u00f3prio Estado. Mas, na hora da execu\u00e7\u00e3o, prevalece o sil\u00eancio \u2014 ou a covardia.<\/p>\n<p>H\u00e1 consenso p\u00fablico sobre a necessidade de rever emendas parlamentares bilion\u00e1rias, verbas de gabinete, penduricalhos de altos sal\u00e1rios, fundos eleitorais e partid\u00e1rios inflados. Mas quando se chega \u00e0 mesa de decis\u00f5es, cada lado protege seus pr\u00f3prios privil\u00e9gios. E o guizo volta \u00e0 gaveta.<\/p>\n<p>Cortar gastos em \u00e1reas sens\u00edveis politicamente \u00e9 abrir m\u00e3o de poder, de votos e de base. Parlamentares temem repres\u00e1lias em suas bases eleitorais; o Executivo, por sua vez, evita atritos com o Congresso que possam travar vota\u00e7\u00f5es. Assim, o que se v\u00ea \u00e9 uma \u201csolidariedade t\u00e1cita\u201d entre os poderes \u2014 na manuten\u00e7\u00e3o do custo Brasil.<\/p>\n<\/div>\n<div>\n<p>Na pr\u00e1tica, ningu\u00e9m quer ser o rato audaz que desafia o gato. Todos se beneficiam da letargia coletiva.<\/p>\n<p>A crise revela duas car\u00eancias estruturais:<\/p>\n<ol class=\"wp-block-list\">\n<li>Lideran\u00e7a com coragem de enfrentar castas e privil\u00e9gios.<\/li>\n<li>Reformas institucionais que limitem os gastos autom\u00e1ticos e as verbas fora de controle.<\/li>\n<\/ol>\n<p>Sem isso, seguiremos na encena\u00e7\u00e3o institucional: discursos afiados, medidas simb\u00f3licas e zero efetividade.<\/p>\n<p>Enquanto Executivo e Legislativo se esquivam do protagonismo no corte de seus pr\u00f3prios privil\u00e9gios, quem paga \u00e9 a sociedade. A met\u00e1fora do guizo permanece viva, n\u00e3o como uma lembran\u00e7a liter\u00e1ria, mas como um retrato cruel da nossa paralisia pol\u00edtica.<\/p>\n<p>Talvez falte ao Brasil um novo Ulysses \u2014 ou, ao menos, a coragem de resgatar sua li\u00e7\u00e3o. Algu\u00e9m que entenda que\u00a0<em>\u201ccolocar o guizo no gato\u201d<\/em>\u00a0n\u00e3o \u00e9 apenas um desafio pol\u00edtico: \u00e9 um ato de responsabilidade hist\u00f3rica.<\/p>\n<div class=\"wp-block-media-text is-stacked-on-mobile\">\n<figure class=\"wp-block-media-text__media\"><img fetchpriority=\"high\" decoding=\"async\" width=\"683\" height=\"1024\" alt=\"Miguel Daoud\" class=\"wp-image-4095706 size-full\"  data-lazy- src=\"https:\/\/agromt.news\/wp-content\/uploads\/2025\/04\/Como-guerras-e-crises-moldaram-o-preco-das-commodities-nos.jpg\"\/><img decoding=\"async\" width=\"683\" height=\"1024\" src=\"https:\/\/agromt.news\/wp-content\/uploads\/2025\/04\/Como-guerras-e-crises-moldaram-o-preco-das-commodities-nos.jpg\" alt=\"Miguel Daoud\" class=\"wp-image-4095706 size-full\"  \/><\/figure>\n<div class=\"wp-block-media-text__content\">\n<p class=\"has-text-align-center\"><em><strong>Miguel Daoud<\/strong>\u00a0\u00e9 comentarista de Economia e Pol\u00edtica\u00a0do Canal Rural<\/em><\/p>\n<\/div>\n<\/div>\n<hr class=\"wp-block-separator has-alpha-channel-opacity\"\/>\n<p><em>O\u00a0<strong>Canal Rural<\/strong>\u00a0n\u00e3o se responsabiliza pelas opini\u00f5es e conceitos emitidos nos textos desta sess\u00e3o, sendo os conte\u00fados de inteira responsabilidade de seus autores. A empresa se reserva o direito de fazer ajustes no texto para adequa\u00e7\u00e3o \u00e0s normas de publica\u00e7\u00e3o.<\/em><\/p>\n<\/p><\/div>\n<p><br \/>\n<br \/><a href=\"https:\/\/www.canalrural.com.br\/opiniao-noticias\/quem-vai-colocar-o-guizo-no-gato\/\">Source link <\/a><\/p>\n","protected":false},"excerpt":{"rendered":"<p>Num momento em que o Brasil vive intensa tens\u00e3o entre Executivo e Legislativo, a crise do corte de despesas \u2014<\/p>\n","protected":false},"author":1,"featured_media":15023,"comment_status":"open","ping_status":"open","sticky":false,"template":"","format":"standard","meta":{"_monsterinsights_skip_tracking":false,"_monsterinsights_sitenote_active":false,"_monsterinsights_sitenote_note":"","_monsterinsights_sitenote_category":0,"_uf_show_specific_survey":0,"_uf_disable_surveys":false,"footnotes":""},"categories":[1],"tags":[],"class_list":["post-15022","post","type-post","status-publish","format-standard","has-post-thumbnail","hentry","category-news"],"_links":{"self":[{"href":"https:\/\/agromt.news\/index.php?rest_route=\/wp\/v2\/posts\/15022"}],"collection":[{"href":"https:\/\/agromt.news\/index.php?rest_route=\/wp\/v2\/posts"}],"about":[{"href":"https:\/\/agromt.news\/index.php?rest_route=\/wp\/v2\/types\/post"}],"author":[{"embeddable":true,"href":"https:\/\/agromt.news\/index.php?rest_route=\/wp\/v2\/users\/1"}],"replies":[{"embeddable":true,"href":"https:\/\/agromt.news\/index.php?rest_route=%2Fwp%2Fv2%2Fcomments&post=15022"}],"version-history":[{"count":0,"href":"https:\/\/agromt.news\/index.php?rest_route=\/wp\/v2\/posts\/15022\/revisions"}],"wp:featuredmedia":[{"embeddable":true,"href":"https:\/\/agromt.news\/index.php?rest_route=\/wp\/v2\/media\/15023"}],"wp:attachment":[{"href":"https:\/\/agromt.news\/index.php?rest_route=%2Fwp%2Fv2%2Fmedia&parent=15022"}],"wp:term":[{"taxonomy":"category","embeddable":true,"href":"https:\/\/agromt.news\/index.php?rest_route=%2Fwp%2Fv2%2Fcategories&post=15022"},{"taxonomy":"post_tag","embeddable":true,"href":"https:\/\/agromt.news\/index.php?rest_route=%2Fwp%2Fv2%2Ftags&post=15022"}],"curies":[{"name":"wp","href":"https:\/\/api.w.org\/{rel}","templated":true}]}}