{"id":15016,"date":"2025-06-13T10:00:02","date_gmt":"2025-06-13T14:00:02","guid":{"rendered":"https:\/\/agromt.news\/?p=15016"},"modified":"2025-06-13T10:00:02","modified_gmt":"2025-06-13T14:00:02","slug":"federarroz-cobra-acoes-urgentes-do-governo-federal-para-enfrentar-crise-no-arroz","status":"publish","type":"post","link":"https:\/\/agromt.news\/?p=15016","title":{"rendered":"Federarroz cobra a\u00e7\u00f5es urgentes do governo federal para enfrentar crise no arroz"},"content":{"rendered":"<p> <br \/>\n<\/p>\n<div>\n<p style=\"text-align:justify\">Diante do cen\u00e1rio de forte desvaloriza\u00e7\u00e3o do <a href=\"https:\/\/www.agrolink.com.br\/culturas\/arroz\/?utm_source=agrolink-detalhe-noticia&amp;utm_medium=detalhe-noticia&amp;utm_campaign=links-internos\" target=\"_blank\" rel=\"noopener\">arroz<\/a> e dificuldades de mercado, a Federa\u00e7\u00e3o das Associa\u00e7\u00f5es de Arrozeiros do Rio Grande do Sul (Federarroz) esteve novamente reunida nesta quarta-feira, 11 de junho, em Bras\u00edlia (DF), com representantes do governo federal para tratar de medidas emergenciais de apoio ao setor produtivo. O encontro contou com a participa\u00e7\u00e3o do presidente da entidade, Alexandre Velho, e do presidente eleito, Denis Dias Nunes, al\u00e9m de representantes da Conab, Minist\u00e9rio da Agricultura, Minist\u00e9rio do Desenvolvimento Agr\u00e1rio e Minist\u00e9rio da Fazenda.&#13;\n<\/p>\n<p style=\"text-align:justify\">Durante a reuni\u00e3o, os dirigentes da Federarroz relataram o momento cr\u00edtico vivenciado pelos produtores. \u201cDeixamos claro que a situa\u00e7\u00e3o est\u00e1 insustent\u00e1vel. Al\u00e9m dos pre\u00e7os estarem muito baixos, o mercado enfrenta uma grave falta de liquidez. Precisamos com urg\u00eancia de alguma medida de apoio aos produtores\u201d, destacou Alexandre Velho.<\/p>\n<p style=\"text-align:justify\">Entre as possibilidades debatidas, foi sinalizada a ado\u00e7\u00e3o de uma a\u00e7\u00e3o de curto prazo ainda em 2025, como o uso de contratos de op\u00e7\u00e3o \u2014 ferramenta que permite compras com flexibilidade de at\u00e9 20% acima do pre\u00e7o m\u00ednimo. Tamb\u00e9m foram mencionadas eventuais medidas no novo Plano Safra, com foco no pr\u00f3ximo ciclo produtivo.&#13;\n<\/p>\n<p style=\"text-align:justify\">A Federarroz refor\u00e7ou, no entanto, sua posi\u00e7\u00e3o contr\u00e1ria \u00e0 compra de arroz pelo pre\u00e7o m\u00ednimo vigente, de R$ 63,00 por saca. \u201cEsse valor de forma alguma representa uma faixa de pre\u00e7o que sustente os custos reais da lavoura de arroz. O setor produtivo foi enf\u00e1tico: se os pre\u00e7os permanecerem neste patamar, haver\u00e1 uma dr\u00e1stica diminui\u00e7\u00e3o na \u00e1rea plantada, o que certamente n\u00e3o interessa ao governo\u201d, alertou o dirigente.<\/p>\n<p style=\"text-align:justify\">No encerramento da agenda, Alexandre Velho reiterou sua preocupa\u00e7\u00e3o com a aus\u00eancia de medidas imediatas. \u201cSaio da reuni\u00e3o preocupado e espero sinceramente que o governo tenha compreendido a gravidade do momento\u201d, afirmou.<\/p>\n<p style=\"text-align:justify\">Ainda nesta semana, a entidade tamb\u00e9m esteve reunida em Porto Alegre com representantes de institui\u00e7\u00f5es financeiras, como Banco do Brasil e Sicredi, tratando do escalonamento das d\u00edvidas de custeio como estrat\u00e9gia para reduzir a press\u00e3o de venda nos meses de junho e julho.&#13;\n<\/p>\n<\/p><\/div>\n<p><script data-cfasync=\"false\">\n    !function (f, b, e, v, n, t, s) {\n        if (f.fbq) return; n = f.fbq = function () {\n            n.callMethod ?\n                n.callMethod.apply(n, arguments) : n.queue.push(arguments)\n        };\n        if (!f._fbq) f._fbq = n; n.push = n; n.loaded = !0; n.version = '2.0';\n        n.queue = []; t = b.createElement(e); t.async = !0;\n        t.src = v; s = b.getElementsByTagName(e)[0];\n        s.parentNode.insertBefore(t, s)\n    }(window, document, 'script',\n        'https:\/\/connect.facebook.net\/en_US\/fbevents.js');\n    fbq('init', '522546078623747');\n    fbq('track', 'PageView');\n<\/script><br \/>\n<br \/><br \/>\n<br \/><a href=\"https:\/\/www.agrolink.com.br\/noticias\/federarroz-cobra-acoes-urgentes-do-governo-federal-para-enfrentar-crise-no-arroz_502859.html\">Source link <\/a><\/p>\n","protected":false},"excerpt":{"rendered":"<p>Diante do cen\u00e1rio de forte desvaloriza\u00e7\u00e3o do arroz e dificuldades de mercado, a Federa\u00e7\u00e3o das Associa\u00e7\u00f5es de Arrozeiros do Rio<\/p>\n","protected":false},"author":1,"featured_media":15017,"comment_status":"open","ping_status":"open","sticky":false,"template":"","format":"standard","meta":{"_monsterinsights_skip_tracking":false,"_monsterinsights_sitenote_active":false,"_monsterinsights_sitenote_note":"","_monsterinsights_sitenote_category":0,"_uf_show_specific_survey":0,"_uf_disable_surveys":false,"footnotes":""},"categories":[8,1,14],"tags":[],"class_list":["post-15016","post","type-post","status-publish","format-standard","has-post-thumbnail","hentry","category-agro","category-news","category-politica-agro"],"_links":{"self":[{"href":"https:\/\/agromt.news\/index.php?rest_route=\/wp\/v2\/posts\/15016"}],"collection":[{"href":"https:\/\/agromt.news\/index.php?rest_route=\/wp\/v2\/posts"}],"about":[{"href":"https:\/\/agromt.news\/index.php?rest_route=\/wp\/v2\/types\/post"}],"author":[{"embeddable":true,"href":"https:\/\/agromt.news\/index.php?rest_route=\/wp\/v2\/users\/1"}],"replies":[{"embeddable":true,"href":"https:\/\/agromt.news\/index.php?rest_route=%2Fwp%2Fv2%2Fcomments&post=15016"}],"version-history":[{"count":0,"href":"https:\/\/agromt.news\/index.php?rest_route=\/wp\/v2\/posts\/15016\/revisions"}],"wp:featuredmedia":[{"embeddable":true,"href":"https:\/\/agromt.news\/index.php?rest_route=\/wp\/v2\/media\/15017"}],"wp:attachment":[{"href":"https:\/\/agromt.news\/index.php?rest_route=%2Fwp%2Fv2%2Fmedia&parent=15016"}],"wp:term":[{"taxonomy":"category","embeddable":true,"href":"https:\/\/agromt.news\/index.php?rest_route=%2Fwp%2Fv2%2Fcategories&post=15016"},{"taxonomy":"post_tag","embeddable":true,"href":"https:\/\/agromt.news\/index.php?rest_route=%2Fwp%2Fv2%2Ftags&post=15016"}],"curies":[{"name":"wp","href":"https:\/\/api.w.org\/{rel}","templated":true}]}}