{"id":15011,"date":"2025-06-13T08:16:09","date_gmt":"2025-06-13T12:16:09","guid":{"rendered":"https:\/\/agromt.news\/?p=15011"},"modified":"2025-06-13T08:16:09","modified_gmt":"2025-06-13T12:16:09","slug":"conheca-o-socol-embutido-com-sabor-autentico-da-imigracao-italiana","status":"publish","type":"post","link":"https:\/\/agromt.news\/?p=15011","title":{"rendered":"Conhe\u00e7a o socol, embutido com sabor aut\u00eantico da imigra\u00e7\u00e3o italiana"},"content":{"rendered":"<p> <br \/>\n<\/p>\n<div>\n<p>J\u00e1 imaginou um embutido com sabor de hist\u00f3ria? Pois \u00e9 exatamente isso que o socol representa. Al\u00e9m de ser um produto artesanal, ele preserva a tradi\u00e7\u00e3o da fam\u00edlia Carnielli, que trouxe da It\u00e1lia, h\u00e1 mais de um s\u00e9culo, a t\u00e9cnica de conservar carne su\u00edna.<\/p>\n<p>A produ\u00e7\u00e3o do socol, uma carne curada feita de lombo su\u00edno, conquistou o status de iguaria ao longo dos anos. Desde ent\u00e3o, cinco gera\u00e7\u00f5es da fam\u00edlia Carnielli mantiveram essa tradi\u00e7\u00e3o. Por isso, o embutido se tornou um s\u00edmbolo gastron\u00f4mico do Esp\u00edrito Santo, especialmente em Venda Nova do Imigrante, a 115 km de Vit\u00f3ria.<\/p>\n<p>Lorenzo Carnielli, representante da quinta gera\u00e7\u00e3o e atual gestor do neg\u00f3cio, \u00e9 engenheiro. Ap\u00f3s dez anos no setor de energia, decidiu retornar \u00e0s origens e dar continuidade ao legado da fam\u00edlia. \u201cPercebi que era hora de dar continuidade \u00e0 hist\u00f3ria da nossa fam\u00edlia\u201d, conta Carnielli, que revela o segredo do embutido:<\/p>\n<p>\u201cO socol \u00e9 feito com carne fresca, temperada e envolta na peritone \u2014 uma membrana su\u00edna. Depois, passa por matura\u00e7\u00e3o natural, perdendo at\u00e9 50% do peso. Al\u00e9m disso, nosso diferencial vem dos fungos naturais da regi\u00e3o de Venda Nova do Imigrante.\u201d<\/p>\n<ul class=\"wp-block-list\">\n<li><em>Participe do Porteira Aberta Empreender: envie perguntas, sugest\u00f5es e conte sua hist\u00f3ria de empreendedorismo pelo\u00a0<\/em><a href=\"https:\/\/api.whatsapp.com\/send?phone=5511932796720&amp;PorteiraAbertaEmpreender=SuaMensagem\"><strong>WhatsApp<\/strong><\/a><\/li>\n<\/ul>\n<figure class=\"wp-block-image size-large\"><img fetchpriority=\"high\" decoding=\"async\" width=\"998\" height=\"1024\" src=\"https:\/\/agromt.news\/wp-content\/uploads\/2025\/06\/Conheca-o-socol-embutido-com-sabor-autentico-da-imigracao-italiana.jpg\" alt=\"Lorenzo Carnielli, representante da quinta gera\u00e7\u00e3o da fam\u00edlia e atual gestor do neg\u00f3cio\" class=\"wp-image-4103851\"  \/><figcaption class=\"wp-element-caption\">Lorenzo Carnielli, representante da quinta gera\u00e7\u00e3o da fam\u00edlia e atual gestor do neg\u00f3cio. Foto: Arquivo Pessoal<\/figcaption><\/figure>\n<h2 class=\"wp-block-heading\" id=\"h-tradicao-selo-e-qualidade-nbsp\"><strong>Tradi\u00e7\u00e3o, selo e qualidade <\/strong>\u00a0<\/h2>\n<p>Em 2018, o socol de Venda Nova do Imigrante recebeu o selo de <a href=\"https:\/\/www.canalrural.com.br\/empreendedorismo\/urucum-de-paranacity-conquista-selo-de-indicacao-geografica-de-procedencia\/\">Indica\u00e7\u00e3o Geogr\u00e1fica <\/a>(IG) de Proced\u00eancia, concedido pelo Instituto Nacional da Propriedade Industrial (INPI). Esse reconhecimento refor\u00e7a a singularidade do produto e sua conex\u00e3o com a cultura local.<\/p>\n<\/div>\n<div>\n<p>\u201cHoje, apenas sete produtores podem comercializar o Socol com o selo de Indica\u00e7\u00e3o Geogr\u00e1fica. Isso significa que o produto segue o m\u00e9todo tradicional de produ\u00e7\u00e3o, preservando sua autenticidade\u201d, destaca Carnielli.<\/p>\n<p>Para garantir esse reconhecimento, o Sebrae acompanhou todo o processo de certifica\u00e7\u00e3o, apoiando e orientando os produtores rurais. <\/p>\n<p>\u201cDemos suporte \u00e0 Associa\u00e7\u00e3o dos Produtores de Socol de Venda Nova do Imigrante (Assocol). Al\u00e9m disso, oferecemos capacita\u00e7\u00e3o, orientamos os produtores e adequamos o estabelecimento, a \u00e1rea de produ\u00e7\u00e3o e as embalagens para atender ao mercado\u201d, explica Patr\u00edcia Gon\u00e7alves Cangussu, gerente da regional Serrana do Sebrae\/ES.<\/p>\n<p>Al\u00e9m disso, o <a href=\"https:\/\/polosebraeagro.sebrae.com.br\/indicacoes-geograficas\/ig-venda-nova-do-imigrante\/\">Sebrae\/ES<\/a> contratou uma empresa especializada para ajudar \u00e0 Assocol.<\/p>\n<p>\u201cContratamos o Instituto Inovatis, refer\u00eancia no Brasil, para auxiliar na forma\u00e7\u00e3o de v\u00e1rias IGs. Toda essa consultoria foi custeada 100% pelo Sebrae\/ES, sem custos para os produtores\u201d, afirma Cangussu.<\/p>\n<p>Por fim, quem deseja provar essa iguaria pode encontr\u00e1-la na loja da <a href=\"https:\/\/www.carnielli.com.br\/\">fazenda<\/a>, na loja online da marca ou em pontos de venda selecionados, como a unidade em S\u00e3o Paulo, no Morumbi.<\/p>\n<\/p><\/div>\n<p><br \/>\n<br \/><a href=\"https:\/\/www.canalrural.com.br\/empreendedorismo\/conheca-socol-embutido-com-sabor-autentico-da-imigracao-italiana\/\">Source link <\/a><\/p>\n","protected":false},"excerpt":{"rendered":"<p>J\u00e1 imaginou um embutido com sabor de hist\u00f3ria? Pois \u00e9 exatamente isso que o socol representa. Al\u00e9m de ser um<\/p>\n","protected":false},"author":1,"featured_media":15012,"comment_status":"open","ping_status":"open","sticky":false,"template":"","format":"standard","meta":{"_monsterinsights_skip_tracking":false,"_monsterinsights_sitenote_active":false,"_monsterinsights_sitenote_note":"","_monsterinsights_sitenote_category":0,"_uf_show_specific_survey":0,"_uf_disable_surveys":false,"footnotes":""},"categories":[1],"tags":[],"class_list":["post-15011","post","type-post","status-publish","format-standard","has-post-thumbnail","hentry","category-news"],"_links":{"self":[{"href":"https:\/\/agromt.news\/index.php?rest_route=\/wp\/v2\/posts\/15011"}],"collection":[{"href":"https:\/\/agromt.news\/index.php?rest_route=\/wp\/v2\/posts"}],"about":[{"href":"https:\/\/agromt.news\/index.php?rest_route=\/wp\/v2\/types\/post"}],"author":[{"embeddable":true,"href":"https:\/\/agromt.news\/index.php?rest_route=\/wp\/v2\/users\/1"}],"replies":[{"embeddable":true,"href":"https:\/\/agromt.news\/index.php?rest_route=%2Fwp%2Fv2%2Fcomments&post=15011"}],"version-history":[{"count":0,"href":"https:\/\/agromt.news\/index.php?rest_route=\/wp\/v2\/posts\/15011\/revisions"}],"wp:featuredmedia":[{"embeddable":true,"href":"https:\/\/agromt.news\/index.php?rest_route=\/wp\/v2\/media\/15012"}],"wp:attachment":[{"href":"https:\/\/agromt.news\/index.php?rest_route=%2Fwp%2Fv2%2Fmedia&parent=15011"}],"wp:term":[{"taxonomy":"category","embeddable":true,"href":"https:\/\/agromt.news\/index.php?rest_route=%2Fwp%2Fv2%2Fcategories&post=15011"},{"taxonomy":"post_tag","embeddable":true,"href":"https:\/\/agromt.news\/index.php?rest_route=%2Fwp%2Fv2%2Ftags&post=15011"}],"curies":[{"name":"wp","href":"https:\/\/api.w.org\/{rel}","templated":true}]}}