{"id":15005,"date":"2025-06-13T05:04:15","date_gmt":"2025-06-13T09:04:15","guid":{"rendered":"https:\/\/agromt.news\/?p=15005"},"modified":"2025-06-13T05:04:15","modified_gmt":"2025-06-13T09:04:15","slug":"veja-a-previsao-de-hoje-3","status":"publish","type":"post","link":"https:\/\/agromt.news\/?p=15005","title":{"rendered":"veja a previs\u00e3o de hoje"},"content":{"rendered":"<p> <br \/>\n<br \/><img decoding=\"async\" src=\"https:\/\/agromt.news\/wp-content\/uploads\/2025\/02\/Antes-da-onda-de-calor-tem-frente-fria-veja-a.jpg\" \/><\/p>\n<div>\n<p>A semana termina com o tempo semelhante aos \u00faltimos dias na maior parte do pa\u00eds. No entanto, a partir de s\u00e1bado, um <strong><a href=\"https:\/\/www.canalrural.com.br\/tempo\/ciclone-e-frente-fria-trazem-chuva-de-ate-100-mm-veja-quando-e-onde\/\">ciclone extratropical deve trazer muita chuva para o Sul e parte do Centro-Oeste<\/a><\/strong>. <\/p>\n<div data-icp-cta=\"1\" id=\"icp-cta-unique\">Voc\u00ea quer entender como usar o clima a seu favor?<b> <\/b><a href=\"https:\/\/climacampo.canalrural.com.br\/climacampo_-01\">Preparamos um e-book exclusivo<\/a> para ajudar produtores rurais a se antecipar \u00e0s mudan\u00e7as do tempo e planejar melhor suas a\u00e7\u00f5es. Com base em previs\u00f5es meteorol\u00f3gicas confi\u00e1veis, ele oferece orienta\u00e7\u00f5es pr\u00e1ticas para proteger sua lavoura e otimizar seus resultados.<\/div>\n<h2 class=\"wp-block-heading\" id=\"h-sul\">Sul<\/h2>\n<p>O tempo segue firme na maior parte da regi\u00e3o. H\u00e1 previs\u00e3o de pancadas isoladas no litoral do <strong><a href=\"https:\/\/www.canalrural.com.br\/nacional\/parana\/\">Paran\u00e1<\/a><\/strong>. No restante das \u00e1reas, o destaque ser\u00e1 para as temperaturas, que ainda permanecem baixas. <\/p>\n<h2 class=\"wp-block-heading\" id=\"h-sudeste\">Sudeste<\/h2>\n<p>O tempo segue firme na maior parte da regi\u00e3o. H\u00e1 previs\u00e3o de pancadas isoladas de chuva nos litorais de S\u00e3o Paulo e Rio de Janeiro. No restante, o tempo permanece est\u00e1vel, sem chuva. Destaque para as temperaturas baixas, principalmente pela manh\u00e3 em S\u00e3o Paulo, sul de Minas Gerais, Rio de Janeiro e sul do Esp\u00edrito Santo.<\/p>\n<\/div>\n<div>\n<h2 class=\"wp-block-heading\" id=\"h-centro-oeste\">Centro-Oeste<\/h2>\n<p>Tempo firme em todos os estados. Destaque para a umidade relativa, que cair\u00e1 abaixo de 30% nas horas mais quentes em Mato Grosso, Goi\u00e1s e Distrito Federal.<\/p>\n<h2 class=\"wp-block-heading\" id=\"h-nordeste\">Nordeste<\/h2>\n<p>Os ventos \u00famidos que sopram do mar em fun\u00e7\u00e3o da frente fria que deixou bastante umidade devem ajudar a forma\u00e7\u00e3o de nuvens carregadas sobre a costa leste nordestina. Desde Salvador at\u00e9 a regi\u00e3o de Fortaleza, chove de forma moderada. O interior baiano, sert\u00e3o pernambucano e todo o interior do Piau\u00ed e Maranh\u00e3o devem ter um dia de tempo seco. Apesar do sudoeste baiano come\u00e7ar com um dia fresco, as temperaturas se elevam \u00e0 tarde.<\/p>\n<h2 class=\"wp-block-heading\" id=\"h-norte\">Norte<\/h2>\n<p>A chuva volta a ganhar for\u00e7a na faixa norte, com pancadas moderadas a fortes e risco de temporais em Amazonas, Roraima e Amap\u00e1.<\/p>\n<\/p><\/div>\n<p><br \/>\n<br \/><a href=\"https:\/\/www.canalrural.com.br\/tempo\/frio-no-sul-e-sudeste-e-muita-chuva-no-norte-veja-a-previsao-de-hoje\/\">Source link <\/a><\/p>\n","protected":false},"excerpt":{"rendered":"<p>A semana termina com o tempo semelhante aos \u00faltimos dias na maior parte do pa\u00eds. No entanto, a partir de<\/p>\n","protected":false},"author":1,"featured_media":10187,"comment_status":"open","ping_status":"open","sticky":false,"template":"","format":"standard","meta":{"_monsterinsights_skip_tracking":false,"_monsterinsights_sitenote_active":false,"_monsterinsights_sitenote_note":"","_monsterinsights_sitenote_category":0,"_uf_show_specific_survey":0,"_uf_disable_surveys":false,"footnotes":""},"categories":[1],"tags":[],"class_list":["post-15005","post","type-post","status-publish","format-standard","has-post-thumbnail","hentry","category-news"],"_links":{"self":[{"href":"https:\/\/agromt.news\/index.php?rest_route=\/wp\/v2\/posts\/15005"}],"collection":[{"href":"https:\/\/agromt.news\/index.php?rest_route=\/wp\/v2\/posts"}],"about":[{"href":"https:\/\/agromt.news\/index.php?rest_route=\/wp\/v2\/types\/post"}],"author":[{"embeddable":true,"href":"https:\/\/agromt.news\/index.php?rest_route=\/wp\/v2\/users\/1"}],"replies":[{"embeddable":true,"href":"https:\/\/agromt.news\/index.php?rest_route=%2Fwp%2Fv2%2Fcomments&post=15005"}],"version-history":[{"count":0,"href":"https:\/\/agromt.news\/index.php?rest_route=\/wp\/v2\/posts\/15005\/revisions"}],"wp:featuredmedia":[{"embeddable":true,"href":"https:\/\/agromt.news\/index.php?rest_route=\/wp\/v2\/media\/10187"}],"wp:attachment":[{"href":"https:\/\/agromt.news\/index.php?rest_route=%2Fwp%2Fv2%2Fmedia&parent=15005"}],"wp:term":[{"taxonomy":"category","embeddable":true,"href":"https:\/\/agromt.news\/index.php?rest_route=%2Fwp%2Fv2%2Fcategories&post=15005"},{"taxonomy":"post_tag","embeddable":true,"href":"https:\/\/agromt.news\/index.php?rest_route=%2Fwp%2Fv2%2Ftags&post=15005"}],"curies":[{"name":"wp","href":"https:\/\/api.w.org\/{rel}","templated":true}]}}