{"id":15002,"date":"2025-06-13T02:06:03","date_gmt":"2025-06-13T06:06:03","guid":{"rendered":"https:\/\/agromt.news\/?p=15002"},"modified":"2025-06-13T02:06:03","modified_gmt":"2025-06-13T06:06:03","slug":"fertilizantes-encarecem-producao-de-trigo-no-parana","status":"publish","type":"post","link":"https:\/\/agromt.news\/?p=15002","title":{"rendered":"Fertilizantes encarecem produ\u00e7\u00e3o de trigo no Paran\u00e1"},"content":{"rendered":"<p> <br \/>\n<\/p>\n<div>\n<div class=\"row\">\n<div class=\"col-lg col-infos mt-0 mt-lg-0\">\n<div class=\"section-sub-title\">\n<p itemprop=\"description\">&#13;<br \/>\n                                Pre\u00e7o do trigo ainda desanima produtor&#13;\n                            <\/p>\n<\/p><\/div>\n<div class=\"container\">\n<div class=\"row\">\n<div class=\"col-lg p-0\">\n<div>\n<div class=\"block-news-main-infos mt-3 text-start\">\n<p>                                            <strong class=\"fn\" itemprop=\"author\" style=\"color: rgb(112, 112, 112); \">&#13;<br \/>\n                                                <a href=\"https:\/\/www.agrolink.com.br\/noticias\/javascript:;\" class=\"text-uppercase\" target=\"_blank\" style=\"color: rgb(112, 112, 112); \" rel=\"noopener\">Agrolink<\/a>&#13;<br \/>\n&#13;<br \/>\n                                                    &#8211; Seane Lennon&#13;<br \/>\n&#13;<br \/>\n                                            <\/strong><br \/>\n                                        <\/p>\n<p>                                            <abbr><time datetime=\"2025-06-12T15:49\" itemprop=\"datePublished dateModified\">Publicado em 12\/06\/2025 \u00e0s 15:49h.<\/time><\/abbr><br \/>\n                                            <\/p><\/div>\n<\/p><\/div>\n<\/p><\/div>\n<div class=\"col-lg p-0 text-lg-end\">\n<div>\n<div id=\"mdEnviarPagina\" class=\"modal fade\" role=\"dialog\">\n<div class=\"modal-dialog\">\n<div class=\"modal-content\">\n<div class=\"modal-body\">\n<p><strong>Estimado usu\u00e1rio.<\/strong><br \/>Preencha o formul\u00e1rio abaixo para remeter a p\u00e1gina.<\/p>\n<\/p><\/div>\n<\/p><\/div>\n<\/p><\/div>\n<\/div><\/div>\n<\/p><\/div>\n<\/p><\/div>\n<\/p><\/div>\n<\/p><\/div>\n<\/p><\/div>\n<div class=\"row justify-content-md-center mt-3\">\n<div class=\"col-lg-auto col-image block-news-main-image\">\n<p>                                <img decoding=\"async\" src=\"https:\/\/www.agrolink.com.br\/upload\/imagens-resizes\/d25e762483de4e2485c125680a6b56a2_858x483.jpg\" class=\"lazyload img-fluid\"\/><br \/>\n                                                <span class=\"publicity-photo d-block mt-1\">Foto: Canva<\/span><\/p><\/div>\n<\/p><\/div>\n<div class=\"section-description section-description-noticias mt-3\">\n<p style=\"text-align:justify\">O pre\u00e7o m\u00e9dio da saca de trigo recebido pelos produtores paranaenses em maio foi de R$ 79,69, valor est\u00e1vel em rela\u00e7\u00e3o a abril, mas 15% superior ao praticado em maio de 2024 (R$ 68,83). Apesar da alta anual, o patamar \u00e9 considerado insuficiente para reverter o des\u00e2nimo dos produtores, especialmente diante do aumento dos custos de produ\u00e7\u00e3o. As informa\u00e7\u00f5es s\u00e3o do Boletim de Conjuntura Agropecu\u00e1ria desta quinta-feira (12), elaborado pelos analistas do Departamento de Economia Rural (Deral) da Secretaria de Estado da Agricultura e do Abastecimento (Seab).&#13;\n<\/p>\n<p style=\"text-align:justify\">O Deral aponta que os principais fertilizantes utilizados na cultura registraram um aumento de pre\u00e7os de 22% no mesmo per\u00edodo. Isso contribuiu para um acr\u00e9scimo de aproximadamente 8% nos custos vari\u00e1veis, que passaram de R$ 67,41 para R$ 72,87 por saca nos \u00faltimos 12 meses. A alta foi &#8220;parcialmente atenuada pela redu\u00e7\u00e3o nos custos com agrot\u00f3xicos e sementes&#8221;.&#13;\n<\/p>\n<p style=\"text-align:justify\">Os produtores paranaenses j\u00e1 semearam 78% da \u00e1rea de 850 mil hectares destinada \u00e0 triticultura. Caso essa estimativa se confirme, a \u00e1rea de plantio de trigo no estado ser\u00e1 25% inferior \u00e0 colhida em 2024, que foi de 1,13 milh\u00e3o de hectares.<\/p>\n<p style=\"text-align:justify\">Apesar da redu\u00e7\u00e3o na \u00e1rea, a cultura apresenta \u00f3timas condi\u00e7\u00f5es de campo at\u00e9 o momento, mantendo o potencial de produ\u00e7\u00e3o pr\u00f3ximo de 130 sacas por alqueire. As lavouras j\u00e1 implantadas foram &#8220;bastante beneficiadas pelas chuvas recentes&#8221;, especialmente em regi\u00f5es onde as precipita\u00e7\u00f5es ainda n\u00e3o haviam sido volumosas e abrangentes, como partes do Norte Pioneiro e dos Campos Gerais. As chuvas tamb\u00e9m criaram &#8220;boas condi\u00e7\u00f5es para a continuidade do plantio, proporcionando umidade suficiente para garantir, futuramente, uma boa germina\u00e7\u00e3o nas \u00e1reas ainda n\u00e3o semeadas no estado&#8221;&#13;\n<\/p>\n<\/p><\/div>\n<\/p><\/div>\n<p><script data-cfasync=\"false\">\n    !function (f, b, e, v, n, t, s) {\n        if (f.fbq) return; n = f.fbq = function () {\n            n.callMethod ?\n                n.callMethod.apply(n, arguments) : n.queue.push(arguments)\n        };\n        if (!f._fbq) f._fbq = n; n.push = n; n.loaded = !0; n.version = '2.0';\n        n.queue = []; t = b.createElement(e); t.async = !0;\n        t.src = v; s = b.getElementsByTagName(e)[0];\n        s.parentNode.insertBefore(t, s)\n    }(window, document, 'script',\n        'https:\/\/connect.facebook.net\/en_US\/fbevents.js');\n    fbq('init', '522546078623747');\n    fbq('track', 'PageView');\n<\/script><br \/>\n<br \/><br \/>\n<br \/><a href=\"https:\/\/www.agrolink.com.br\/noticias\/fertilizantes-encarecem-producao-de-trigo-no-parana_502863.html\">Source link <\/a><\/p>\n","protected":false},"excerpt":{"rendered":"<p>&#13; Pre\u00e7o do trigo ainda desanima produtor&#13; &#13; Agrolink&#13; &#13; &#8211; Seane Lennon&#13; &#13; Publicado em 12\/06\/2025 \u00e0s 15:49h. Estimado<\/p>\n","protected":false},"author":1,"featured_media":14415,"comment_status":"open","ping_status":"open","sticky":false,"template":"","format":"standard","meta":{"_monsterinsights_skip_tracking":false,"_monsterinsights_sitenote_active":false,"_monsterinsights_sitenote_note":"","_monsterinsights_sitenote_category":0,"_uf_show_specific_survey":0,"_uf_disable_surveys":false,"footnotes":""},"categories":[8,1,14],"tags":[],"class_list":["post-15002","post","type-post","status-publish","format-standard","has-post-thumbnail","hentry","category-agro","category-news","category-politica-agro"],"_links":{"self":[{"href":"https:\/\/agromt.news\/index.php?rest_route=\/wp\/v2\/posts\/15002"}],"collection":[{"href":"https:\/\/agromt.news\/index.php?rest_route=\/wp\/v2\/posts"}],"about":[{"href":"https:\/\/agromt.news\/index.php?rest_route=\/wp\/v2\/types\/post"}],"author":[{"embeddable":true,"href":"https:\/\/agromt.news\/index.php?rest_route=\/wp\/v2\/users\/1"}],"replies":[{"embeddable":true,"href":"https:\/\/agromt.news\/index.php?rest_route=%2Fwp%2Fv2%2Fcomments&post=15002"}],"version-history":[{"count":0,"href":"https:\/\/agromt.news\/index.php?rest_route=\/wp\/v2\/posts\/15002\/revisions"}],"wp:featuredmedia":[{"embeddable":true,"href":"https:\/\/agromt.news\/index.php?rest_route=\/wp\/v2\/media\/14415"}],"wp:attachment":[{"href":"https:\/\/agromt.news\/index.php?rest_route=%2Fwp%2Fv2%2Fmedia&parent=15002"}],"wp:term":[{"taxonomy":"category","embeddable":true,"href":"https:\/\/agromt.news\/index.php?rest_route=%2Fwp%2Fv2%2Fcategories&post=15002"},{"taxonomy":"post_tag","embeddable":true,"href":"https:\/\/agromt.news\/index.php?rest_route=%2Fwp%2Fv2%2Ftags&post=15002"}],"curies":[{"name":"wp","href":"https:\/\/api.w.org\/{rel}","templated":true}]}}