{"id":15000,"date":"2025-06-13T01:22:51","date_gmt":"2025-06-13T05:22:51","guid":{"rendered":"https:\/\/agromt.news\/?p=15000"},"modified":"2025-06-13T01:22:51","modified_gmt":"2025-06-13T05:22:51","slug":"argentina-suspende-importacoes-de-produtos-e-subprodutos-de-aves-do-brasil","status":"publish","type":"post","link":"https:\/\/agromt.news\/?p=15000","title":{"rendered":"Argentina suspende importa\u00e7\u00f5es de produtos e subprodutos de aves do Brasil"},"content":{"rendered":"<p> <br \/>\n<\/p>\n<div>\n<div class=\"materia\">\n<p><img decoding=\"async\" alt=\"Logotipo Reuters\" height=\"22\" src=\"https:\/\/cdn.noticiasagricolas.com.br\/dbimagens\/0f687b0f35da9d220b6477534ce7c667.gif\" width=\"71\"\/><\/p>\n<p>BUENOS AIRES (Reuters) &#8211; A ag\u00eancia sanit\u00e1ria estatal a Argentina, Senasa, ordenou nesta sexta-feira a suspens\u00e3o das importa\u00e7\u00f5es de produtos e subprodutos de aves do Brasil, o maior exportador mundial de frango, que horas antes confirmou seu primeiro surto de gripe avi\u00e1ria em uma granja comercial.<\/p>\n<p>&#8220;Ap\u00f3s a confirma\u00e7\u00e3o das autoridades brasileiras, a Senasa solicitou ao setor produtivo o refor\u00e7o das medidas de biosseguran\u00e7a em seus estabelecimentos&#8221;, afirmou a ag\u00eancia em comunicado, acrescentando que as medidas permanecer\u00e3o em vigor at\u00e9 que o Brasil seja certificado como livre da gripe avi\u00e1ria.<\/p>\n<p>((Reportagem de Maximilian Heath)<\/p>\n<\/p><\/div>\n<div class=\"grupo-whatsapp\">\n      J\u00e1 segue nosso Canal oficial no WhatsApp? <a href=\"https:\/\/bit.ly\/Canal_NA\" target=\"_blank\" rel=\"noopener\"><strong>Clique Aqui<\/strong><\/a> para receber em primeira m\u00e3o as principais not\u00edcias do agroneg\u00f3cio\n    <\/div>\n<\/p><\/div>\n<p><script async defer src=\"https:\/\/connect.facebook.net\/en_US\/sdk.js\"><\/script><script>\n  !function(f,b,e,v,n,t,s)\n  {if(f.fbq)return;n=f.fbq=function(){n.callMethod?\n    n.callMethod.apply(n,arguments):n.queue.push(arguments)};\n    if(!f._fbq)f._fbq=n;n.push=n;n.loaded=!0;n.version='2.0';\n    n.queue=[];t=b.createElement(e);t.async=!0;\n    t.src=v;s=b.getElementsByTagName(e)[0];\n    s.parentNode.insertBefore(t,s)}(window, document,'script',\n    'https:\/\/connect.facebook.net\/en_US\/fbevents.js');\n  fbq('init', '153495679422335');\n  fbq('track', 'PageView');\n<\/script><br \/>\n<br \/><br \/>\n<br \/><a href=\"https:\/\/www.noticiasagricolas.com.br\/noticias\/granjeiros\/400659-argentina-suspende-importacoes-de-produtos-e-subprodutos-de-aves-do-brasil.html\">Source link <\/a><\/p>\n","protected":false},"excerpt":{"rendered":"<p>BUENOS AIRES (Reuters) &#8211; A ag\u00eancia sanit\u00e1ria estatal a Argentina, Senasa, ordenou nesta sexta-feira a suspens\u00e3o das importa\u00e7\u00f5es de produtos<\/p>\n","protected":false},"author":1,"featured_media":15001,"comment_status":"open","ping_status":"open","sticky":false,"template":"","format":"standard","meta":{"_monsterinsights_skip_tracking":false,"_monsterinsights_sitenote_active":false,"_monsterinsights_sitenote_note":"","_monsterinsights_sitenote_category":0,"_uf_show_specific_survey":0,"_uf_disable_surveys":false,"footnotes":""},"categories":[8,1,14,16],"tags":[],"class_list":["post-15000","post","type-post","status-publish","format-standard","has-post-thumbnail","hentry","category-agro","category-news","category-politica-agro","category-safra"],"_links":{"self":[{"href":"https:\/\/agromt.news\/index.php?rest_route=\/wp\/v2\/posts\/15000"}],"collection":[{"href":"https:\/\/agromt.news\/index.php?rest_route=\/wp\/v2\/posts"}],"about":[{"href":"https:\/\/agromt.news\/index.php?rest_route=\/wp\/v2\/types\/post"}],"author":[{"embeddable":true,"href":"https:\/\/agromt.news\/index.php?rest_route=\/wp\/v2\/users\/1"}],"replies":[{"embeddable":true,"href":"https:\/\/agromt.news\/index.php?rest_route=%2Fwp%2Fv2%2Fcomments&post=15000"}],"version-history":[{"count":0,"href":"https:\/\/agromt.news\/index.php?rest_route=\/wp\/v2\/posts\/15000\/revisions"}],"wp:featuredmedia":[{"embeddable":true,"href":"https:\/\/agromt.news\/index.php?rest_route=\/wp\/v2\/media\/15001"}],"wp:attachment":[{"href":"https:\/\/agromt.news\/index.php?rest_route=%2Fwp%2Fv2%2Fmedia&parent=15000"}],"wp:term":[{"taxonomy":"category","embeddable":true,"href":"https:\/\/agromt.news\/index.php?rest_route=%2Fwp%2Fv2%2Fcategories&post=15000"},{"taxonomy":"post_tag","embeddable":true,"href":"https:\/\/agromt.news\/index.php?rest_route=%2Fwp%2Fv2%2Ftags&post=15000"}],"curies":[{"name":"wp","href":"https:\/\/api.w.org\/{rel}","templated":true}]}}