{"id":14998,"date":"2025-06-13T00:08:39","date_gmt":"2025-06-13T04:08:39","guid":{"rendered":"https:\/\/agromt.news\/?p=14998"},"modified":"2025-06-13T00:08:39","modified_gmt":"2025-06-13T04:08:39","slug":"grupo-ferrarin-comunica-falecimento-de-gustavo-ferrarin-neto-do-fundador-wilson-ferrarin","status":"publish","type":"post","link":"https:\/\/agromt.news\/?p=14998","title":{"rendered":"Grupo Ferrarin comunica falecimento de Gustavo Ferrarin, neto do fundador Wilson Ferrarin"},"content":{"rendered":"<p> <br \/>\n<\/p>\n<div>\n<div class=\"row\">\n<div class=\"col-lg col-infos mt-0 mt-lg-0\">\n<div class=\"section-sub-title\">\n<p itemprop=\"description\">&#13;<br \/>\n                                Gustavo Ferrarin, filho de Ronaldo Ferrarin \u2014 CEO da Agrofel \u2014 e neto de Wilson Ferra&#13;\n                            <\/p>\n<\/p><\/div>\n<div class=\"container\">\n<div class=\"row\">\n<div class=\"col-lg p-0\">\n<div>\n<div class=\"block-news-main-infos mt-3 text-start\">\n<p>                                            <strong class=\"fn\" itemprop=\"author\" style=\"color: rgb(112, 112, 112); \">&#13;<br \/>\n                                                <a href=\"https:\/\/www.agrolink.com.br\/noticias\/javascript:;\" class=\"text-uppercase\" target=\"_blank\" style=\"color: rgb(112, 112, 112); \" rel=\"noopener\">Agrolink<\/a>&#13;<br \/>\n&#13;<br \/>\n                                                    &#8211; Aline Merladete&#13;<br \/>\n&#13;<br \/>\n                                            <\/strong><br \/>\n                                        <\/p>\n<p>                                            <abbr><time datetime=\"2025-06-12T16:23\" itemprop=\"datePublished dateModified\">Publicado em 12\/06\/2025 \u00e0s 16:23h.<\/time><\/abbr><br \/>\n                                            <\/p><\/div>\n<\/p><\/div>\n<\/p><\/div>\n<div class=\"col-lg p-0 text-lg-end\">\n<div>\n<div id=\"mdEnviarPagina\" class=\"modal fade\" role=\"dialog\">\n<div class=\"modal-dialog\">\n<div class=\"modal-content\">\n<div class=\"modal-body\">\n<p><strong>Estimado usu\u00e1rio.<\/strong><br \/>Preencha o formul\u00e1rio abaixo para remeter a p\u00e1gina.<\/p>\n<\/p><\/div>\n<\/p><\/div>\n<\/p><\/div>\n<\/div><\/div>\n<\/p><\/div>\n<\/p><\/div>\n<\/p><\/div>\n<\/p><\/div>\n<\/p><\/div>\n<div class=\"row justify-content-md-center mt-3\">\n<div class=\"col-lg-auto col-image block-news-main-image\">\n<p>                                <img decoding=\"async\" src=\"https:\/\/www.agrolink.com.br\/upload\/imagens-resizes\/e420b91ed5884524b6ce336829c54952_858x483.jpg\" class=\"lazyload img-fluid\"\/><br \/>\n                                                <span class=\"publicity-photo d-block mt-1\">Foto: Reprodu\u00e7\u00e3o\/Redes Sociais<\/span><\/p><\/div>\n<\/p><\/div>\n<div class=\"section-description section-description-noticias mt-3\">\n<p style=\"text-align:justify\">O Grupo Ferrarin comunicou, com profundo pesar, o falecimento de Gustavo Ferrarin, filho de Ronaldo Ferrarin \u2014 CEO da Agrofel \u2014 e neto de Wilson Ferrarin, fundador da empresa. Gustavo integrava a fam\u00edlia Ferrarin, que d\u00e1 nome ao grupo empresarial.<\/p>\n<p style=\"text-align:justify\">Em nota oficial divulgada pela companhia, a trajet\u00f3ria de Gustavo foi destacada como fortemente ligada \u00e0 hist\u00f3ria do Grupo Ferrarin, sendo marcada por valores como trabalho, uni\u00e3o e legado familiar. \u201cSua presen\u00e7a, sempre gentil e comprometida, foi s\u00edmbolo da continuidade de uma gera\u00e7\u00e3o que carrega os princ\u00edpios que nos trouxeram at\u00e9 aqui\u201d, afirmou o comunicado.&#13;\n<\/p>\n<p style=\"text-align:justify\">O texto ressalta ainda a import\u00e2ncia de Gustavo como inspira\u00e7\u00e3o pela sua humanidade, respeito e dedica\u00e7\u00e3o. \u201cNeste momento de profunda dor, nos solidarizamos com toda a fam\u00edlia Ferrarin, com amigos e colegas que partilham essa perda irrepar\u00e1vel\u201d, diz a nota.&#13;\n<\/p>\n<p style=\"text-align:justify\">O Grupo Ferrarin finaliza a homenagem com votos de solidariedade \u00e0 fam\u00edlia e a todos que conviveram com Gustavo, reafirmando que sua mem\u00f3ria permanecer\u00e1 viva naqueles que seguem os mesmos valores que marcaram sua vida.<\/p>\n<\/p><\/div>\n<\/p><\/div>\n<p><script data-cfasync=\"false\">\n    !function (f, b, e, v, n, t, s) {\n        if (f.fbq) return; n = f.fbq = function () {\n            n.callMethod ?\n                n.callMethod.apply(n, arguments) : n.queue.push(arguments)\n        };\n        if (!f._fbq) f._fbq = n; n.push = n; n.loaded = !0; n.version = '2.0';\n        n.queue = []; t = b.createElement(e); t.async = !0;\n        t.src = v; s = b.getElementsByTagName(e)[0];\n        s.parentNode.insertBefore(t, s)\n    }(window, document, 'script',\n        'https:\/\/connect.facebook.net\/en_US\/fbevents.js');\n    fbq('init', '522546078623747');\n    fbq('track', 'PageView');\n<\/script><br \/>\n<br \/><br \/>\n<br \/><a href=\"https:\/\/www.agrolink.com.br\/noticias\/grupo-ferrarin-comunica-falecimento-de-gustavo-ferrarin--neto-do-fundador-wilson-ferrarin_502864.html\">Source link <\/a><\/p>\n","protected":false},"excerpt":{"rendered":"<p>&#13; Gustavo Ferrarin, filho de Ronaldo Ferrarin \u2014 CEO da Agrofel \u2014 e neto de Wilson Ferra&#13; &#13; Agrolink&#13; &#13;<\/p>\n","protected":false},"author":1,"featured_media":14999,"comment_status":"open","ping_status":"open","sticky":false,"template":"","format":"standard","meta":{"_monsterinsights_skip_tracking":false,"_monsterinsights_sitenote_active":false,"_monsterinsights_sitenote_note":"","_monsterinsights_sitenote_category":0,"_uf_show_specific_survey":0,"_uf_disable_surveys":false,"footnotes":""},"categories":[8,1,14],"tags":[],"class_list":["post-14998","post","type-post","status-publish","format-standard","has-post-thumbnail","hentry","category-agro","category-news","category-politica-agro"],"_links":{"self":[{"href":"https:\/\/agromt.news\/index.php?rest_route=\/wp\/v2\/posts\/14998"}],"collection":[{"href":"https:\/\/agromt.news\/index.php?rest_route=\/wp\/v2\/posts"}],"about":[{"href":"https:\/\/agromt.news\/index.php?rest_route=\/wp\/v2\/types\/post"}],"author":[{"embeddable":true,"href":"https:\/\/agromt.news\/index.php?rest_route=\/wp\/v2\/users\/1"}],"replies":[{"embeddable":true,"href":"https:\/\/agromt.news\/index.php?rest_route=%2Fwp%2Fv2%2Fcomments&post=14998"}],"version-history":[{"count":0,"href":"https:\/\/agromt.news\/index.php?rest_route=\/wp\/v2\/posts\/14998\/revisions"}],"wp:featuredmedia":[{"embeddable":true,"href":"https:\/\/agromt.news\/index.php?rest_route=\/wp\/v2\/media\/14999"}],"wp:attachment":[{"href":"https:\/\/agromt.news\/index.php?rest_route=%2Fwp%2Fv2%2Fmedia&parent=14998"}],"wp:term":[{"taxonomy":"category","embeddable":true,"href":"https:\/\/agromt.news\/index.php?rest_route=%2Fwp%2Fv2%2Fcategories&post=14998"},{"taxonomy":"post_tag","embeddable":true,"href":"https:\/\/agromt.news\/index.php?rest_route=%2Fwp%2Fv2%2Ftags&post=14998"}],"curies":[{"name":"wp","href":"https:\/\/api.w.org\/{rel}","templated":true}]}}