{"id":14997,"date":"2025-06-12T22:03:24","date_gmt":"2025-06-13T02:03:24","guid":{"rendered":"https:\/\/agromt.news\/?p=14997"},"modified":"2025-06-12T22:03:24","modified_gmt":"2025-06-13T02:03:24","slug":"colheita-de-arroz-e-oficialmente-encerrada-no-rio-grande-do-sul","status":"publish","type":"post","link":"https:\/\/agromt.news\/?p=14997","title":{"rendered":"Colheita de arroz \u00e9 oficialmente encerrada no Rio Grande do Sul"},"content":{"rendered":"<p> <br \/>\n<\/p>\n<div>\n<div class=\"row\">\n<div class=\"col-lg col-infos mt-0 mt-lg-0\">\n<div class=\"section-sub-title\">\n<p itemprop=\"description\">&#13;<br \/>\n                                Rio Grande do Sul mant\u00e9m sua posi\u00e7\u00e3o como o principal produtor nacional de arroz&#13;\n                            <\/p>\n<\/p><\/div>\n<div class=\"container\">\n<div class=\"row\">\n<div class=\"col-lg p-0\">\n<div>\n<div class=\"block-news-main-infos mt-3 text-start\">\n<p>                                            <strong class=\"fn\" itemprop=\"author\" style=\"color: rgb(112, 112, 112); \">&#13;<br \/>\n                                                <a href=\"https:\/\/www.agrolink.com.br\/noticias\/javascript:;\" class=\"text-uppercase\" target=\"_blank\" style=\"color: rgb(112, 112, 112); \" rel=\"noopener\">Agrolink<\/a>&#13;<br \/>\n&#13;<br \/>\n                                                    &#8211; Seane Lennon&#13;<br \/>\n&#13;<br \/>\n                                            <\/strong><br \/>\n                                        <\/p>\n<p>                                            <abbr><time datetime=\"2025-06-12T16:27\" itemprop=\"datePublished dateModified\">Publicado em 12\/06\/2025 \u00e0s 16:27h.<\/time><\/abbr><br \/>\n                                            <\/p><\/div>\n<\/p><\/div>\n<\/p><\/div>\n<div class=\"col-lg p-0 text-lg-end\">\n<div>\n<div id=\"mdEnviarPagina\" class=\"modal fade\" role=\"dialog\">\n<div class=\"modal-dialog\">\n<div class=\"modal-content\">\n<div class=\"modal-body\">\n<p><strong>Estimado usu\u00e1rio.<\/strong><br \/>Preencha o formul\u00e1rio abaixo para remeter a p\u00e1gina.<\/p>\n<\/p><\/div>\n<\/p><\/div>\n<\/p><\/div>\n<\/div><\/div>\n<\/p><\/div>\n<\/p><\/div>\n<\/p><\/div>\n<\/p><\/div>\n<\/p><\/div>\n<div class=\"row justify-content-md-center mt-3\">\n<div class=\"col-lg-auto col-image block-news-main-image\">\n<p>                                <img decoding=\"async\" src=\"https:\/\/www.agrolink.com.br\/upload\/imagens-resizes\/17e7377069614363891a04dc88378a8f_858x483.jpg\" class=\"lazyload img-fluid\"\/><br \/>\n                                                <span class=\"publicity-photo d-block mt-1\">Foto: Pixabay<\/span><\/p><\/div>\n<\/p><\/div>\n<div class=\"section-description section-description-noticias mt-3\">\n<p style=\"text-align:justify\">A colheita de <a href=\"https:\/\/www.agrolink.com.br\/culturas\/arroz\/?utm_source=agrolink-detalhe-noticia&amp;utm_medium=detalhe-noticia&amp;utm_campaign=links-internos\" target=\"_blank\" rel=\"noopener\">arroz<\/a> no Rio Grande do Sul para a safra 2024\/2025 foi oficialmente encerrada nesta quinta-feira (12), conforme an\u00fancio do Instituto Rio Grandense do Arroz (Irga). A equipe t\u00e9cnica da autarquia confirmou a conclus\u00e3o dos trabalhos em todas as regi\u00f5es produtoras do estado.&#13;\n<\/p>\n<p style=\"text-align:justify\">Embora haja uma &#8220;pequena \u00e1rea a ser colhida em alguns munic\u00edpios&#8221;, o volume remanescente \u00e9 considerado &#8220;pouco significante do ponto de vista estat\u00edstico&#8221;, justificando o encerramento do ciclo de colheita pelo Irga. As informa\u00e7\u00f5es consolidadas sobre a \u00e1rea colhida, produtividade m\u00e9dia, produ\u00e7\u00e3o total e \u00e1rea perdida est\u00e3o em fase de finaliza\u00e7\u00e3o e ser\u00e3o divulgadas no Relat\u00f3rio Final da Safra 2024\/2025.<\/p>\n<p style=\"text-align:justify\">O Rio Grande do Sul mant\u00e9m sua posi\u00e7\u00e3o como o principal produtor nacional de arroz, sendo respons\u00e1vel por mais de 70% da produ\u00e7\u00e3o do pa\u00eds. O Irga reafirma seu &#8220;compromisso com o acompanhamento t\u00e9cnico e a transpar\u00eancia dos dados, contribuindo para o fortalecimento da cadeia produtiva do arroz no estado&#8221;.&#13;\n<\/p>\n<p style=\"text-align:justify\">Uruguaiana lidera o ranking estadual de produ\u00e7\u00e3o, com 707.219,10 toneladas, seguido por Santa Vit\u00f3ria do Palmar (653.120,40 toneladas) e Itaqui (604.789,17 toneladas).<\/p>\n<p><strong>Ranking dos maiores produtores do estado:<\/strong><\/p>\n<ul>&#13;<\/p>\n<li>1\u00ba Uruguaiana 707.219,10<\/li>\n<p>&#13;<\/p>\n<li>2\u00ba Santa Vit\u00f3ria do Palmar 653.120,40<\/li>\n<p>&#13;<\/p>\n<li>3\u00ba Itaqui 604.789,17<\/li>\n<p>&#13;<\/p>\n<li>4\u00ba Alegrete 460.753,00<\/li>\n<p>&#13;<\/p>\n<li>5\u00ba Dom Pedrito 339.271,97<\/li>\n<p>&#13;<\/p>\n<li>6\u00ba Camaqu\u00e3 330.461,39<\/li>\n<p>&#13;<\/p>\n<li>7\u00ba Arroio Grande 308.809,20<\/li>\n<p>&#13;<\/p>\n<li>8\u00ba S\u00e3o Borja 306.703,95<\/li>\n<p>&#13;<\/p>\n<li>9\u00ba Mostardas 248.314,80<\/li>\n<p>&#13;<\/p>\n<li>10\u00ba Barra do Quara\u00ed 230.804,40<\/li>\n<p>&#13;\n<\/ul>\n<p>\u00a0<br \/>&#13;<br \/>\n<strong>Ranking dos maiores produtores por regi\u00e3o:<br \/>&#13;<br \/>\nCampanha<\/strong><\/p>\n<ul>&#13;<\/p>\n<li>1\u00ba Dom Pedrito 339.271,97<\/li>\n<p>&#13;<\/p>\n<li>2\u00ba S\u00e3o Gabriel 218.640,00<\/li>\n<p>&#13;<\/p>\n<li>3\u00ba Ros\u00e1rio do Sul 146.854,68<\/li>\n<p>&#13;<\/p>\n<li>4\u00ba Cacequi 93.660,30<\/li>\n<p>&#13;<\/p>\n<li>5\u00ba Sant\u2019Ana do Livramento 76.596,54<\/li>\n<p>&#13;\n<\/ul>\n<p>\u00a0<br \/>&#13;<br \/>\n<strong>Regi\u00e3o Central<\/strong><\/p>\n<ul>&#13;<\/p>\n<li>1\u00ba Cachoeira do Sul 218.275,89<\/li>\n<p>&#13;<\/p>\n<li>2\u00ba S\u00e3o Sep\u00e9 123.300,00<\/li>\n<p>&#13;<\/p>\n<li>3\u00ba Restinga Seca 95.449,20<\/li>\n<p>&#13;<\/p>\n<li>4\u00ba Formigueiro 80.014,75<\/li>\n<p>&#13;<\/p>\n<li>5\u00ba Agudo 68.656,50<\/li>\n<p>&#13;\n<\/ul>\n<p>\u00a0<br \/>&#13;<br \/>\n<strong>Fronteira Oeste<\/strong><\/p>\n<ul>&#13;<\/p>\n<li>1\u00ba Uruguaiana 707.219,10<\/li>\n<p>&#13;<\/p>\n<li>2\u00ba Itaqui 604.789,17<\/li>\n<p>&#13;<\/p>\n<li>3\u00ba Alegrete 460.753,00<\/li>\n<p>&#13;<\/p>\n<li>4\u00ba S\u00e3o Borja 306.703,95<\/li>\n<p>&#13;<\/p>\n<li>5\u00ba Barra do Quara\u00ed 230.804,40<\/li>\n<p>&#13;\n<\/ul>\n<p>\u00a0<br \/>&#13;<br \/>\n<strong>Plan\u00edcie Costeira Externa<\/strong><\/p>\n<ul>&#13;<\/p>\n<li>1\u00ba Mostardas 248.314,80<\/li>\n<p>&#13;<\/p>\n<li>2\u00ba Viam\u00e3o 137.789,70<\/li>\n<p>&#13;<\/p>\n<li>3\u00ba Palmares do Sul 130.489,10<\/li>\n<p>&#13;<\/p>\n<li>4\u00ba Santo Ant\u00f4nio da Patrulha 105.966,00<\/li>\n<p>&#13;<\/p>\n<li>5\u00ba Capivari do Sul 80.510,00<\/li>\n<p>&#13;\n<\/ul>\n<p>\u00a0<br \/>&#13;<br \/>\n<strong>Plan\u00edcie Costeira Interna<\/strong><\/p>\n<ul>&#13;<\/p>\n<li>1\u00ba Camaqu\u00e3 330.461,39<\/li>\n<p>&#13;<\/p>\n<li>2\u00ba Tapes 175.258,00<\/li>\n<p>&#13;<\/p>\n<li>3\u00ba Arambar\u00e9 141.384,50<\/li>\n<p>&#13;<\/p>\n<li>4\u00ba Barra do Ribeiro 115.507,35<\/li>\n<p>&#13;<\/p>\n<li>5\u00ba Eldorado do Sul 106.114,27<\/li>\n<p>&#13;\n<\/ul>\n<p>\u00a0<br \/>&#13;<br \/>\n<strong>Zona Sul<\/strong><\/p>\n<ul>&#13;<\/p>\n<li>1\u00ba Santa Vit\u00f3ria do Palmar 653.120,40<\/li>\n<p>&#13;<\/p>\n<li>2\u00ba Arroio Grande 308.809,20<\/li>\n<p>&#13;<\/p>\n<li>3\u00ba Rio Grande 191.297,05<\/li>\n<p>&#13;<\/p>\n<li>4\u00ba Jaguar\u00e3o 155.585,43<\/li>\n<p>&#13;<\/p>\n<li>5\u00ba Pelotas 81.810,00<\/li>\n<p>&#13;\n<\/ul>\n<\/p><\/div>\n<\/p><\/div>\n<p><script data-cfasync=\"false\">\n    !function (f, b, e, v, n, t, s) {\n        if (f.fbq) return; n = f.fbq = function () {\n            n.callMethod ?\n                n.callMethod.apply(n, arguments) : n.queue.push(arguments)\n        };\n        if (!f._fbq) f._fbq = n; n.push = n; n.loaded = !0; n.version = '2.0';\n        n.queue = []; t = b.createElement(e); t.async = !0;\n        t.src = v; s = b.getElementsByTagName(e)[0];\n        s.parentNode.insertBefore(t, s)\n    }(window, document, 'script',\n        'https:\/\/connect.facebook.net\/en_US\/fbevents.js');\n    fbq('init', '522546078623747');\n    fbq('track', 'PageView');\n<\/script><br \/>\n<br \/><br \/>\n<br \/><a href=\"https:\/\/www.agrolink.com.br\/noticias\/colheita-de-arroz-e-oficialmente-encerrada-no-rio-grande-do-sul_502865.html\">Source link <\/a><\/p>\n","protected":false},"excerpt":{"rendered":"<p>&#13; Rio Grande do Sul mant\u00e9m sua posi\u00e7\u00e3o como o principal produtor nacional de arroz&#13; &#13; Agrolink&#13; &#13; &#8211; Seane<\/p>\n","protected":false},"author":1,"featured_media":2357,"comment_status":"open","ping_status":"open","sticky":false,"template":"","format":"standard","meta":{"_monsterinsights_skip_tracking":false,"_monsterinsights_sitenote_active":false,"_monsterinsights_sitenote_note":"","_monsterinsights_sitenote_category":0,"_uf_show_specific_survey":0,"_uf_disable_surveys":false,"footnotes":""},"categories":[8,1,14],"tags":[],"class_list":["post-14997","post","type-post","status-publish","format-standard","has-post-thumbnail","hentry","category-agro","category-news","category-politica-agro"],"_links":{"self":[{"href":"https:\/\/agromt.news\/index.php?rest_route=\/wp\/v2\/posts\/14997"}],"collection":[{"href":"https:\/\/agromt.news\/index.php?rest_route=\/wp\/v2\/posts"}],"about":[{"href":"https:\/\/agromt.news\/index.php?rest_route=\/wp\/v2\/types\/post"}],"author":[{"embeddable":true,"href":"https:\/\/agromt.news\/index.php?rest_route=\/wp\/v2\/users\/1"}],"replies":[{"embeddable":true,"href":"https:\/\/agromt.news\/index.php?rest_route=%2Fwp%2Fv2%2Fcomments&post=14997"}],"version-history":[{"count":0,"href":"https:\/\/agromt.news\/index.php?rest_route=\/wp\/v2\/posts\/14997\/revisions"}],"wp:featuredmedia":[{"embeddable":true,"href":"https:\/\/agromt.news\/index.php?rest_route=\/wp\/v2\/media\/2357"}],"wp:attachment":[{"href":"https:\/\/agromt.news\/index.php?rest_route=%2Fwp%2Fv2%2Fmedia&parent=14997"}],"wp:term":[{"taxonomy":"category","embeddable":true,"href":"https:\/\/agromt.news\/index.php?rest_route=%2Fwp%2Fv2%2Fcategories&post=14997"},{"taxonomy":"post_tag","embeddable":true,"href":"https:\/\/agromt.news\/index.php?rest_route=%2Fwp%2Fv2%2Ftags&post=14997"}],"curies":[{"name":"wp","href":"https:\/\/api.w.org\/{rel}","templated":true}]}}