{"id":14996,"date":"2025-06-12T20:04:24","date_gmt":"2025-06-13T00:04:24","guid":{"rendered":"https:\/\/agromt.news\/?p=14996"},"modified":"2025-06-12T20:04:24","modified_gmt":"2025-06-13T00:04:24","slug":"frio-timido-e-calor-antecipado","status":"publish","type":"post","link":"https:\/\/agromt.news\/?p=14996","title":{"rendered":"frio t\u00edmido e calor antecipado"},"content":{"rendered":"<p> <br \/>\n<\/p>\n<div>\n<p style=\"text-align:justify\">Mesmo com temperaturas acima da m\u00e9dia, o inverno de 2025 deve se mostrar um pouco mais pr\u00f3ximo da normalidade em compara\u00e7\u00e3o aos dois anos anteriores. A an\u00e1lise \u00e9 do meteorologista Gabriel Rodrigues, do Portal Agrolink, que destaca: \u201cO frio deve aparecer, sim, mas n\u00e3o ser\u00e1 t\u00e3o intenso. Ainda assim, ser\u00e1 um pouco mais presente do que nos invernos de 2023 e 2024, que foram bastante amenos.\u201d&#13;\n<\/p>\n<p style=\"text-align:justify\">Segundo Rodrigues, o comportamento clim\u00e1tico est\u00e1 relacionado \u00e0 atual fase de neutralidade dos oceanos, sem a atua\u00e7\u00e3o dos fen\u00f4menos El Ni\u00f1o ou La Ni\u00f1a. \u201cEstamos sob neutralidade clim\u00e1tica e essa condi\u00e7\u00e3o deve permanecer durante todo o inverno. Isso contribui para uma atmosfera menos influenciada por extremos, o que favorece um padr\u00e3o mais pr\u00f3ximo do esperado para a esta\u00e7\u00e3o\u201d, explica o meteorologista.<\/p>\n<p style=\"text-align:justify\"><strong>Primavera pode chegar mais cedo no Sul e Sudeste<\/strong><\/p>\n<p style=\"text-align:justify\">Apesar do cen\u00e1rio de neutralidade, o especialista chama aten\u00e7\u00e3o para o aumento das temperaturas no fim da esta\u00e7\u00e3o. \u201cNo final do inverno, as temperaturas devem subir ainda mais, antecipando as caracter\u00edsticas da primavera, especialmente nas regi\u00f5es Sul e Sudeste. Essa condi\u00e7\u00e3o pode impactar o desenvolvimento de culturas que dependem de frio mais intenso, como frutas de clima temperado\u201d, alerta.&#13;\n<\/p>\n<p style=\"text-align:justify\"><strong>Chuvas abaixo da m\u00e9dia no Norte e dentro da normalidade no Centro<\/strong><\/p>\n<p style=\"text-align:justify\">Em rela\u00e7\u00e3o \u00e0 precipita\u00e7\u00e3o, o meteorologista ressalta que o inverno tende a ser seco em boa parte do pa\u00eds, como j\u00e1 \u00e9 comum para esta \u00e9poca. \u201cNo Brasil Central, mesmo que as chuvas fiquem dentro da m\u00e9dia hist\u00f3rica, estamos falando de um per\u00edodo naturalmente seco. Ou seja, pouca chuva \u00e9 o padr\u00e3o esperado.\u201d<\/p>\n<p style=\"text-align:justify\">No entanto, h\u00e1 destaque para o extremo Norte, onde a previs\u00e3o \u00e9 de chuvas abaixo da m\u00e9dia, afetando estados como Roraima, Amap\u00e1 e o norte do Par\u00e1. Por outro lado, \u00e1reas do Nordeste, especialmente o litoral norte da Bahia at\u00e9 o litoral do Cear\u00e1, podem registrar precipita\u00e7\u00f5es acima do normal.&#13;\n<\/p>\n<p style=\"text-align:justify\"><strong>Perspectivas positivas para o agroneg\u00f3cio, com aten\u00e7\u00e3o ao calor<\/strong><\/p>\n<p style=\"text-align:justify\">De forma geral, o inverno de 2025 deve ser tranquilo para a maioria das regi\u00f5es produtoras do Brasil. A maior aten\u00e7\u00e3o, segundo Rodrigues, est\u00e1 voltada para as temperaturas acima da m\u00e9dia. \u201cO calor fora de \u00e9poca pode representar um desafio para o manejo de algumas culturas de clima frio, impactando o ciclo de produ\u00e7\u00e3o, principalmente na fruticultura\u201d, conclui.<\/p>\n<\/p><\/div>\n<p><script data-cfasync=\"false\">\n    !function (f, b, e, v, n, t, s) {\n        if (f.fbq) return; n = f.fbq = function () {\n            n.callMethod ?\n                n.callMethod.apply(n, arguments) : n.queue.push(arguments)\n        };\n        if (!f._fbq) f._fbq = n; n.push = n; n.loaded = !0; n.version = '2.0';\n        n.queue = []; t = b.createElement(e); t.async = !0;\n        t.src = v; s = b.getElementsByTagName(e)[0];\n        s.parentNode.insertBefore(t, s)\n    }(window, document, 'script',\n        'https:\/\/connect.facebook.net\/en_US\/fbevents.js');\n    fbq('init', '522546078623747');\n    fbq('track', 'PageView');\n<\/script><br \/>\n<br \/><br \/>\n<br \/><a href=\"https:\/\/www.agrolink.com.br\/noticias\/inverno-de-2025--frio-timido-e-calor-antecipado_502866.html\">Source link <\/a><\/p>\n","protected":false},"excerpt":{"rendered":"<p>Mesmo com temperaturas acima da m\u00e9dia, o inverno de 2025 deve se mostrar um pouco mais pr\u00f3ximo da normalidade em<\/p>\n","protected":false},"author":1,"featured_media":12642,"comment_status":"open","ping_status":"open","sticky":false,"template":"","format":"standard","meta":{"_monsterinsights_skip_tracking":false,"_monsterinsights_sitenote_active":false,"_monsterinsights_sitenote_note":"","_monsterinsights_sitenote_category":0,"_uf_show_specific_survey":0,"_uf_disable_surveys":false,"footnotes":""},"categories":[8,1,14],"tags":[],"class_list":["post-14996","post","type-post","status-publish","format-standard","has-post-thumbnail","hentry","category-agro","category-news","category-politica-agro"],"_links":{"self":[{"href":"https:\/\/agromt.news\/index.php?rest_route=\/wp\/v2\/posts\/14996"}],"collection":[{"href":"https:\/\/agromt.news\/index.php?rest_route=\/wp\/v2\/posts"}],"about":[{"href":"https:\/\/agromt.news\/index.php?rest_route=\/wp\/v2\/types\/post"}],"author":[{"embeddable":true,"href":"https:\/\/agromt.news\/index.php?rest_route=\/wp\/v2\/users\/1"}],"replies":[{"embeddable":true,"href":"https:\/\/agromt.news\/index.php?rest_route=%2Fwp%2Fv2%2Fcomments&post=14996"}],"version-history":[{"count":0,"href":"https:\/\/agromt.news\/index.php?rest_route=\/wp\/v2\/posts\/14996\/revisions"}],"wp:featuredmedia":[{"embeddable":true,"href":"https:\/\/agromt.news\/index.php?rest_route=\/wp\/v2\/media\/12642"}],"wp:attachment":[{"href":"https:\/\/agromt.news\/index.php?rest_route=%2Fwp%2Fv2%2Fmedia&parent=14996"}],"wp:term":[{"taxonomy":"category","embeddable":true,"href":"https:\/\/agromt.news\/index.php?rest_route=%2Fwp%2Fv2%2Fcategories&post=14996"},{"taxonomy":"post_tag","embeddable":true,"href":"https:\/\/agromt.news\/index.php?rest_route=%2Fwp%2Fv2%2Ftags&post=14996"}],"curies":[{"name":"wp","href":"https:\/\/api.w.org\/{rel}","templated":true}]}}