{"id":14992,"date":"2025-06-12T18:44:21","date_gmt":"2025-06-12T22:44:21","guid":{"rendered":"https:\/\/agromt.news\/?p=14992"},"modified":"2025-06-12T18:44:21","modified_gmt":"2025-06-12T22:44:21","slug":"arroba-do-boi-gordo-sobe-quase-r-10-em-minas-gerais-veja-as-cotacoes","status":"publish","type":"post","link":"https:\/\/agromt.news\/?p=14992","title":{"rendered":"Arroba do boi gordo sobe quase R$ 10 em Minas Gerais; veja as cota\u00e7\u00f5es"},"content":{"rendered":"<p> <br \/>\n<br \/><img decoding=\"async\" src=\"https:\/\/agromt.news\/wp-content\/uploads\/2024\/09\/reducao-marca-a-fogo-substituicao-brincos-bottons-fazenda-sao-clemente-agropecuaria-marcondes-cesar.jpeg\" \/><\/p>\n<div>\n<p>O mercado f\u00edsico do boi gordo registrou neg\u00f3cios acima das refer\u00eancias m\u00e9dias nesta quinta-feira (12). <\/p>\n<p>Segundo o analista de Safras &amp; Mercado, o ambiente de neg\u00f3cios ainda sugere pela continuidade do movimento de alta no curto prazo, em linha com o atual posicionamento das escalas de abate, entre cinco e seis dias \u00fateis na m\u00e9dia nacional. <\/p>\n<p>\u201cAnimais jovens ainda s\u00e3o o grande gargalo neste momento. J\u00e1 as <strong><a href=\"https:\/\/www.canalrural.com.br\/tag\/exportacoes\/\">exporta\u00e7\u00f5es<\/a><\/strong> permanecem em alto n\u00edvel, com o pa\u00eds caminhando a passos largos para um recorde na atual temporada\u201d, disse.<\/p>\n<h2 class=\"wp-block-heading\" id=\"h-precos-medios-da-arroba\">Pre\u00e7os m\u00e9dios da arroba<\/h2>\n<ul class=\"wp-block-list\">\n<li><strong>S\u00e3o Paulo:<\/strong> R$ 319,92 \u2014 ontem: R$ 317,25<\/li>\n<li><strong>Goi\u00e1s:<\/strong> R$ 303,39 \u2014 na quarta: R$ 301,43\u00a0<\/li>\n<li><strong>Minas Gerais:<\/strong> R$ 310,29 \u2014 anteriormente: R$ 300,88<\/li>\n<li><strong>Mato Grosso do Sul:<\/strong> R$ 318,18 \u2014 ontem: R$ 314,32<\/li>\n<li><strong>Mato Grosso:<\/strong> R$ 315,47 \u2014 na quarta: R$ 314,59<\/li>\n<\/ul>\n<h2 class=\"wp-block-heading\" id=\"h-mercado-atacadista\">Mercado atacadista<\/h2>\n<p>O mercado atacadista teve pre\u00e7os acomodados para a carne bovina ao longo do dia. Segundo Iglesias, o ambiente de neg\u00f3cios sugere por menor apelo \u00e0 alta dos pre\u00e7os na pr\u00f3xima semana, em linha com o arrefecimento do consumo durante a segunda quinzena do m\u00eas, per\u00edodo de menor apelo ao consumo.<\/p>\n<\/div>\n<div>\n<p>\u201cDestacando que em 2025 h\u00e1 uma prefer\u00eancia da popula\u00e7\u00e3o por prote\u00ednas mais acess\u00edveis, a exemplo da carne de frango, ovos e embutidos\u201d, disse Iglesias.<\/p>\n<p>O quarto traseiro do boi segue no patamar de R$ 24,50 por quilo. O quarto dianteiro ainda \u00e9 cotado a R$ 19,50 por quilo. Ponta de agulha segue no patamar de R$ 18,50, por quilo.<\/p>\n<h2 class=\"wp-block-heading\" id=\"h-cambio\">C\u00e2mbio<\/h2>\n<p>O d\u00f3lar comercial encerrou a sess\u00e3o em alta de 0,07%, sendo negociado a R$ 5,5425 para venda e a R$ 5,5405 para compra. Durante o dia, a moeda norte-americana oscilou entre a m\u00ednima de R$ 5,5243 e a m\u00e1xima de R$ 5,5588.<\/p>\n<\/p><\/div>\n<p><br \/>\n<br \/><a href=\"https:\/\/www.canalrural.com.br\/pecuaria\/arroba-do-boi-gordo-sobe-quase-r-10-em-minas-gerais-veja-as-cotacoes\/\">Source link <\/a><\/p>\n","protected":false},"excerpt":{"rendered":"<p>O mercado f\u00edsico do boi gordo registrou neg\u00f3cios acima das refer\u00eancias m\u00e9dias nesta quinta-feira (12). Segundo o analista de Safras<\/p>\n","protected":false},"author":1,"featured_media":2543,"comment_status":"open","ping_status":"open","sticky":false,"template":"","format":"standard","meta":{"_monsterinsights_skip_tracking":false,"_monsterinsights_sitenote_active":false,"_monsterinsights_sitenote_note":"","_monsterinsights_sitenote_category":0,"_uf_show_specific_survey":0,"_uf_disable_surveys":false,"footnotes":""},"categories":[1],"tags":[],"class_list":["post-14992","post","type-post","status-publish","format-standard","has-post-thumbnail","hentry","category-news"],"_links":{"self":[{"href":"https:\/\/agromt.news\/index.php?rest_route=\/wp\/v2\/posts\/14992"}],"collection":[{"href":"https:\/\/agromt.news\/index.php?rest_route=\/wp\/v2\/posts"}],"about":[{"href":"https:\/\/agromt.news\/index.php?rest_route=\/wp\/v2\/types\/post"}],"author":[{"embeddable":true,"href":"https:\/\/agromt.news\/index.php?rest_route=\/wp\/v2\/users\/1"}],"replies":[{"embeddable":true,"href":"https:\/\/agromt.news\/index.php?rest_route=%2Fwp%2Fv2%2Fcomments&post=14992"}],"version-history":[{"count":0,"href":"https:\/\/agromt.news\/index.php?rest_route=\/wp\/v2\/posts\/14992\/revisions"}],"wp:featuredmedia":[{"embeddable":true,"href":"https:\/\/agromt.news\/index.php?rest_route=\/wp\/v2\/media\/2543"}],"wp:attachment":[{"href":"https:\/\/agromt.news\/index.php?rest_route=%2Fwp%2Fv2%2Fmedia&parent=14992"}],"wp:term":[{"taxonomy":"category","embeddable":true,"href":"https:\/\/agromt.news\/index.php?rest_route=%2Fwp%2Fv2%2Fcategories&post=14992"},{"taxonomy":"post_tag","embeddable":true,"href":"https:\/\/agromt.news\/index.php?rest_route=%2Fwp%2Fv2%2Ftags&post=14992"}],"curies":[{"name":"wp","href":"https:\/\/api.w.org\/{rel}","templated":true}]}}