{"id":14990,"date":"2025-06-12T18:08:08","date_gmt":"2025-06-12T22:08:08","guid":{"rendered":"https:\/\/agromt.news\/?p=14990"},"modified":"2025-06-12T18:08:08","modified_gmt":"2025-06-12T22:08:08","slug":"governo-regulamenta-fiscalizacao-agropecuaria","status":"publish","type":"post","link":"https:\/\/agromt.news\/?p=14990","title":{"rendered":"Governo regulamenta fiscaliza\u00e7\u00e3o agropecu\u00e1ria"},"content":{"rendered":"<p> <br \/>\n<\/p>\n<div>\n<p style=\"text-align:justify\">O governo federal publicou nesta quinta-feira (12) o Decreto n\u00ba 12.502\/2025, que regulamenta o processo administrativo de fiscaliza\u00e7\u00e3o agropecu\u00e1ria no Brasil. A nova norma detalha a aplica\u00e7\u00e3o da Lei n\u00ba 14.515\/2022, conhecida como a Lei do Autocontrole, e estabelece um rito \u00fanico para apura\u00e7\u00e3o e julgamento de infra\u00e7\u00f5es em todas as \u00e1reas da fiscaliza\u00e7\u00e3o agropecu\u00e1ria, incluindo sanidade vegetal, sanidade animal, controle de insumos e fiscaliza\u00e7\u00e3o de produtos.&#13;\n<\/p>\n<p style=\"text-align:justify\">A medida visa proporcionar &#8220;mais clareza, agilidade e seguran\u00e7a jur\u00eddica&#8221; \u00e0s a\u00e7\u00f5es de fiscaliza\u00e7\u00e3o do Minist\u00e9rio da Agricultura e Pecu\u00e1ria (Mapa), atendendo a uma demanda do setor agropecu\u00e1rio por maior simplicidade, previsibilidade e justi\u00e7a regulat\u00f3ria.<\/p>\n<p style=\"text-align:justify\">Entre os avan\u00e7os, destaca-se a cria\u00e7\u00e3o da Comiss\u00e3o Especial de Recursos de Defesa Agropecu\u00e1ria. Esta inst\u00e2ncia colegiada de terceira e \u00faltima inst\u00e2ncia administrativa ser\u00e1 composta por representantes do Mapa, do Minist\u00e9rio da Justi\u00e7a e Seguran\u00e7a P\u00fablica, da Confedera\u00e7\u00e3o da Agricultura e Pecu\u00e1ria do Brasil (CNA) e da Confedera\u00e7\u00e3o Nacional da Ind\u00fastria (CNI). A comiss\u00e3o ter\u00e1 a miss\u00e3o de &#8220;assegurar decis\u00f5es t\u00e9cnicas, imparciais e fundamentadas&#8221;.&#13;\n<\/p>\n<p style=\"text-align:justify\">O decreto tamb\u00e9m autoriza a celebra\u00e7\u00e3o do Termo de Ajustamento de Conduta (TAC), que permitir\u00e1 a convers\u00e3o de penalidades mais severas, como suspens\u00e3o ou cassa\u00e7\u00e3o de registros, em multas. Essa convers\u00e3o ocorrer\u00e1 mediante acordo entre o infrator e a Administra\u00e7\u00e3o P\u00fablica, em casos nos quais o autuado demonstre boa-f\u00e9 e disposi\u00e7\u00e3o para corrigir a irregularidade, sem comprometer o rigor da legisla\u00e7\u00e3o sanit\u00e1ria e regulat\u00f3ria.<\/p>\n<p style=\"text-align:justify\">O novo modelo oferece ainda incentivos para regulariza\u00e7\u00e3o volunt\u00e1ria, como parcelamento e desconto de multas, e garante o direito \u00e0 ampla defesa e ao contradit\u00f3rio, com prazos definidos para apresenta\u00e7\u00e3o de recursos.<\/p>\n<p style=\"text-align:justify\">A implementa\u00e7\u00e3o da medida n\u00e3o gerar\u00e1 novos custos ao governo, sendo executada com os recursos j\u00e1 dispon\u00edveis no or\u00e7amento do Mapa. A padroniza\u00e7\u00e3o e a digitaliza\u00e7\u00e3o dos procedimentos &#8220;devem proporcionar ganhos de efici\u00eancia, melhor aproveitamento da estrutura administrativa existente maior celeridade na tramita\u00e7\u00e3o dos processos&#8221;.&#13;\n<\/p>\n<\/p><\/div>\n<p><script data-cfasync=\"false\">\n    !function (f, b, e, v, n, t, s) {\n        if (f.fbq) return; n = f.fbq = function () {\n            n.callMethod ?\n                n.callMethod.apply(n, arguments) : n.queue.push(arguments)\n        };\n        if (!f._fbq) f._fbq = n; n.push = n; n.loaded = !0; n.version = '2.0';\n        n.queue = []; t = b.createElement(e); t.async = !0;\n        t.src = v; s = b.getElementsByTagName(e)[0];\n        s.parentNode.insertBefore(t, s)\n    }(window, document, 'script',\n        'https:\/\/connect.facebook.net\/en_US\/fbevents.js');\n    fbq('init', '522546078623747');\n    fbq('track', 'PageView');\n<\/script><br \/>\n<br \/><br \/>\n<br \/><a href=\"https:\/\/www.agrolink.com.br\/noticias\/governo-regulamenta-fiscalizacao-agropecuaria_502867.html\">Source link <\/a><\/p>\n","protected":false},"excerpt":{"rendered":"<p>O governo federal publicou nesta quinta-feira (12) o Decreto n\u00ba 12.502\/2025, que regulamenta o processo administrativo de fiscaliza\u00e7\u00e3o agropecu\u00e1ria no<\/p>\n","protected":false},"author":1,"featured_media":14991,"comment_status":"open","ping_status":"open","sticky":false,"template":"","format":"standard","meta":{"_monsterinsights_skip_tracking":false,"_monsterinsights_sitenote_active":false,"_monsterinsights_sitenote_note":"","_monsterinsights_sitenote_category":0,"_uf_show_specific_survey":0,"_uf_disable_surveys":false,"footnotes":""},"categories":[8,1,14],"tags":[],"class_list":["post-14990","post","type-post","status-publish","format-standard","has-post-thumbnail","hentry","category-agro","category-news","category-politica-agro"],"_links":{"self":[{"href":"https:\/\/agromt.news\/index.php?rest_route=\/wp\/v2\/posts\/14990"}],"collection":[{"href":"https:\/\/agromt.news\/index.php?rest_route=\/wp\/v2\/posts"}],"about":[{"href":"https:\/\/agromt.news\/index.php?rest_route=\/wp\/v2\/types\/post"}],"author":[{"embeddable":true,"href":"https:\/\/agromt.news\/index.php?rest_route=\/wp\/v2\/users\/1"}],"replies":[{"embeddable":true,"href":"https:\/\/agromt.news\/index.php?rest_route=%2Fwp%2Fv2%2Fcomments&post=14990"}],"version-history":[{"count":0,"href":"https:\/\/agromt.news\/index.php?rest_route=\/wp\/v2\/posts\/14990\/revisions"}],"wp:featuredmedia":[{"embeddable":true,"href":"https:\/\/agromt.news\/index.php?rest_route=\/wp\/v2\/media\/14991"}],"wp:attachment":[{"href":"https:\/\/agromt.news\/index.php?rest_route=%2Fwp%2Fv2%2Fmedia&parent=14990"}],"wp:term":[{"taxonomy":"category","embeddable":true,"href":"https:\/\/agromt.news\/index.php?rest_route=%2Fwp%2Fv2%2Fcategories&post=14990"},{"taxonomy":"post_tag","embeddable":true,"href":"https:\/\/agromt.news\/index.php?rest_route=%2Fwp%2Fv2%2Ftags&post=14990"}],"curies":[{"name":"wp","href":"https:\/\/api.w.org\/{rel}","templated":true}]}}