{"id":14984,"date":"2025-06-12T16:07:24","date_gmt":"2025-06-12T20:07:24","guid":{"rendered":"https:\/\/agromt.news\/?p=14984"},"modified":"2025-06-12T16:07:24","modified_gmt":"2025-06-12T20:07:24","slug":"grupo-scala-anuncia-aquisicao-do-laticinio-deale-no-rio-grande-do-sul","status":"publish","type":"post","link":"https:\/\/agromt.news\/?p=14984","title":{"rendered":"Grupo Scala anuncia aquisi\u00e7\u00e3o do Latic\u00ednio Deale no Rio Grande do Sul"},"content":{"rendered":"<p> <br \/>\n<br \/><img decoding=\"async\" src=\"https:\/\/agromt.news\/wp-content\/uploads\/2025\/06\/Grupo-Scala-anuncia-aquisicao-do-Laticinio-Deale-no-Rio-Grande.jpg\" \/><\/p>\n<div>\n<p>O Grupo Scala, fabricante de <strong><a href=\"http:\/\/www.canalrural.com.br\/tag\/queijos\/\">queijos<\/a><\/strong>, anunciou, em nota, a aquisi\u00e7\u00e3o do Latic\u00ednio Deale, com sede em Almirante Tamandar\u00e9 do Sul (RS). <\/p>\n<p>A empresa ga\u00facha tem 14 anos de atua\u00e7\u00e3o e possui duas plantas fabris \u2013 em Almirante Tamandar\u00e9 e Aratiba \u2013 al\u00e9m de um posto de resfriamento em Catu\u00edpe, localizado em uma das principais regi\u00f5es leiteiras do Brasil. Segundo o Grupo Scala, a aquisi\u00e7\u00e3o est\u00e1 alinhada \u00e0 estrat\u00e9gia de crescimento planejado da empresa. <\/p>\n<\/div>\n<div>\n<p>\u201cAcreditamos no Brasil, na for\u00e7a do agroneg\u00f3cio e na relev\u00e2ncia da atividade leiteira como vetor de desenvolvimento. Este movimento representa mais um passo em nossa miss\u00e3o de produzir alimentos com qualidade\u201d, disse, na nota, o diretor-executivo do Grupo Scala, Marcel Cerchi. <\/p>\n<p>Os empregos e parcerias j\u00e1 existentes na Deale ser\u00e3o mantidos, e h\u00e1 planos para novos investimentos com foco na amplia\u00e7\u00e3o da capacidade produtiva, de acordo com a nota do Grupo Scala, que atua nos segmentos de l\u00e1cteos e nutri\u00e7\u00e3o animal. <\/p>\n<p>O neg\u00f3cio ainda ser\u00e1 submetido \u00e0 an\u00e1lise e aprova\u00e7\u00e3o do Conselho Administrativo de Defesa Econ\u00f4mica (Cade), conforme determina a legisla\u00e7\u00e3o.<\/p>\n<\/p><\/div>\n<p><br \/>\n<br \/><a href=\"https:\/\/www.canalrural.com.br\/pecuaria\/grupo-scala-anuncia-aquisicao-do-laticinio-deale-no-rio-grande-do-sul\/\">Source link <\/a><\/p>\n","protected":false},"excerpt":{"rendered":"<p>O Grupo Scala, fabricante de queijos, anunciou, em nota, a aquisi\u00e7\u00e3o do Latic\u00ednio Deale, com sede em Almirante Tamandar\u00e9 do<\/p>\n","protected":false},"author":1,"featured_media":14985,"comment_status":"open","ping_status":"open","sticky":false,"template":"","format":"standard","meta":{"_monsterinsights_skip_tracking":false,"_monsterinsights_sitenote_active":false,"_monsterinsights_sitenote_note":"","_monsterinsights_sitenote_category":0,"_uf_show_specific_survey":0,"_uf_disable_surveys":false,"footnotes":""},"categories":[1],"tags":[],"class_list":["post-14984","post","type-post","status-publish","format-standard","has-post-thumbnail","hentry","category-news"],"_links":{"self":[{"href":"https:\/\/agromt.news\/index.php?rest_route=\/wp\/v2\/posts\/14984"}],"collection":[{"href":"https:\/\/agromt.news\/index.php?rest_route=\/wp\/v2\/posts"}],"about":[{"href":"https:\/\/agromt.news\/index.php?rest_route=\/wp\/v2\/types\/post"}],"author":[{"embeddable":true,"href":"https:\/\/agromt.news\/index.php?rest_route=\/wp\/v2\/users\/1"}],"replies":[{"embeddable":true,"href":"https:\/\/agromt.news\/index.php?rest_route=%2Fwp%2Fv2%2Fcomments&post=14984"}],"version-history":[{"count":0,"href":"https:\/\/agromt.news\/index.php?rest_route=\/wp\/v2\/posts\/14984\/revisions"}],"wp:featuredmedia":[{"embeddable":true,"href":"https:\/\/agromt.news\/index.php?rest_route=\/wp\/v2\/media\/14985"}],"wp:attachment":[{"href":"https:\/\/agromt.news\/index.php?rest_route=%2Fwp%2Fv2%2Fmedia&parent=14984"}],"wp:term":[{"taxonomy":"category","embeddable":true,"href":"https:\/\/agromt.news\/index.php?rest_route=%2Fwp%2Fv2%2Fcategories&post=14984"},{"taxonomy":"post_tag","embeddable":true,"href":"https:\/\/agromt.news\/index.php?rest_route=%2Fwp%2Fv2%2Ftags&post=14984"}],"curies":[{"name":"wp","href":"https:\/\/api.w.org\/{rel}","templated":true}]}}