{"id":14975,"date":"2025-06-12T12:18:43","date_gmt":"2025-06-12T16:18:43","guid":{"rendered":"https:\/\/agromt.news\/?p=14975"},"modified":"2025-06-12T12:18:43","modified_gmt":"2025-06-12T16:18:43","slug":"revolucao-brasileira-levou-o-agro-ao-sucesso","status":"publish","type":"post","link":"https:\/\/agromt.news\/?p=14975","title":{"rendered":"\u201cRevolu\u00e7\u00e3o\u201d brasileira levou o agro ao sucesso"},"content":{"rendered":"<p> <br \/>\n<\/p>\n<div>\n<p>H\u00e1 pouco mais de 50 anos, o Brasil era um pa\u00eds importador de alimentos, com o campo marcado por pobreza e baixa produtividade. A guinada veio com a cria\u00e7\u00e3o da Embrapa, respons\u00e1vel por revolucionar a agropecu\u00e1ria tropical, desenvolvendo tecnologias como o plantio direto e a tropicaliza\u00e7\u00e3o da soja, que tornaram o pa\u00eds um dos maiores produtores e exportadores agr\u00edcolas do mundo.\u00a0&#13;\n<\/p>\n<p>Gra\u00e7as a esse avan\u00e7o, o agroneg\u00f3cio passou a responder por cerca de um quarto do PIB e por mais de 20 milh\u00f5es de empregos, segundo D\u00e9cio Gazzoni, pesquisador da Embrapa, membro do Conselho Cient\u00edfico Agro Sustent\u00e1vel (CCAS), da Academia Brasileira de Ci\u00eancia Agron\u00f4mica e do Comit\u00ea Cient\u00edfico da ABELHA. \u201cNa esteira do sucesso do agroneg\u00f3cio, floresceram cidades no interior do Brasil, plenas de oportunidades de emprego e renda, altamente progressistas e com elevada qualidade de vida. Seu surgimento aplacou a press\u00e3o migrat\u00f3ria que inchava as periferias das grandes cidades do Brasil, que originaram desafios at\u00e9 hoje dif\u00edceis de superar, como atender suas necessidades b\u00e1sicas de sa\u00fade, educa\u00e7\u00e3o, transporte, moradia, seguran\u00e7a e oportunidades de renda\u201d, comenta.<\/p>\n<p>Apesar disso, Gazzoni alerta para um risco iminente: a aposentadoria compuls\u00f3ria de pesquisadores aos 75 anos, como determina a Constitui\u00e7\u00e3o Federal. Ele pr\u00f3prio, com uma trajet\u00f3ria iniciada na Embrapa em 1974, teme que o Brasil desperdice um valioso patrim\u00f4nio intelectual, formado ao longo de d\u00e9cadas com recursos p\u00fablicos, sem mecanismos de aproveitamento do conhecimento acumulado por esses cientistas veteranos.&#13;\n<\/p>\n<p>O pesquisador destaca que muitos dos avan\u00e7os sustent\u00e1veis na agricultura \u2014 como o uso de abelhas para aumentar a produtividade e reduzir emiss\u00f5es \u2014 foram desenvolvidos por essa gera\u00e7\u00e3o. Ignor\u00e1-la, afirma, \u00e9 relegar ao esquecimento talentos que ainda t\u00eam muito a contribuir. Em pa\u00edses desenvolvidos, h\u00e1 pol\u00edticas para reter e valorizar esse capital humano. No Brasil, falta uma legisla\u00e7\u00e3o complementar que garanta essa continuidade.<\/p>\n<p>\u201cO seu conhecimento, a sua experi\u00eancia, que poderiam contribuir muito mais para o desenvolvimento do Brasil e do mundo ser\u00e1 relegada ao ba\u00fa do tempo, sem qualquer utilidade para a nossa sociedade. Quanto tempo e quanto dinheiro ser\u00e1 necess\u00e1rio para que um eventual seu substituto alcance o mesmo n\u00edvel de excel\u00eancia? E que, ao atingir, ser\u00e1 ceifado da mesma forma que ela o ser\u00e1\u2026 N\u00e3o \u00e9 assim que s\u00e3o tratados os cientistas de pa\u00edses desenvolvidos, que possuem in\u00fameros mecanismos para reter sua intelig\u00eancia a servi\u00e7o de suas na\u00e7\u00f5es e seus povos. Isso pode fazer toda a diferen\u00e7a no desenvolvimento das Na\u00e7\u00f5es\u201d, conclui.<br \/>&#13;<br \/>\n\u00a0&#13;\n<\/p>\n<\/p><\/div>\n<p><script data-cfasync=\"false\">\n    !function (f, b, e, v, n, t, s) {\n        if (f.fbq) return; n = f.fbq = function () {\n            n.callMethod ?\n                n.callMethod.apply(n, arguments) : n.queue.push(arguments)\n        };\n        if (!f._fbq) f._fbq = n; n.push = n; n.loaded = !0; n.version = '2.0';\n        n.queue = []; t = b.createElement(e); t.async = !0;\n        t.src = v; s = b.getElementsByTagName(e)[0];\n        s.parentNode.insertBefore(t, s)\n    }(window, document, 'script',\n        'https:\/\/connect.facebook.net\/en_US\/fbevents.js');\n    fbq('init', '522546078623747');\n    fbq('track', 'PageView');\n<\/script><br \/>\n<br \/><br \/>\n<br \/><a href=\"https:\/\/www.agrolink.com.br\/noticias\/-revolucao--brasileira-levou-o-agro-ao-sucesso_502822.html\">Source link <\/a><\/p>\n","protected":false},"excerpt":{"rendered":"<p>H\u00e1 pouco mais de 50 anos, o Brasil era um pa\u00eds importador de alimentos, com o campo marcado por pobreza<\/p>\n","protected":false},"author":1,"featured_media":14976,"comment_status":"open","ping_status":"open","sticky":false,"template":"","format":"standard","meta":{"_monsterinsights_skip_tracking":false,"_monsterinsights_sitenote_active":false,"_monsterinsights_sitenote_note":"","_monsterinsights_sitenote_category":0,"_uf_show_specific_survey":0,"_uf_disable_surveys":false,"footnotes":""},"categories":[8,1,14],"tags":[],"class_list":["post-14975","post","type-post","status-publish","format-standard","has-post-thumbnail","hentry","category-agro","category-news","category-politica-agro"],"_links":{"self":[{"href":"https:\/\/agromt.news\/index.php?rest_route=\/wp\/v2\/posts\/14975"}],"collection":[{"href":"https:\/\/agromt.news\/index.php?rest_route=\/wp\/v2\/posts"}],"about":[{"href":"https:\/\/agromt.news\/index.php?rest_route=\/wp\/v2\/types\/post"}],"author":[{"embeddable":true,"href":"https:\/\/agromt.news\/index.php?rest_route=\/wp\/v2\/users\/1"}],"replies":[{"embeddable":true,"href":"https:\/\/agromt.news\/index.php?rest_route=%2Fwp%2Fv2%2Fcomments&post=14975"}],"version-history":[{"count":0,"href":"https:\/\/agromt.news\/index.php?rest_route=\/wp\/v2\/posts\/14975\/revisions"}],"wp:featuredmedia":[{"embeddable":true,"href":"https:\/\/agromt.news\/index.php?rest_route=\/wp\/v2\/media\/14976"}],"wp:attachment":[{"href":"https:\/\/agromt.news\/index.php?rest_route=%2Fwp%2Fv2%2Fmedia&parent=14975"}],"wp:term":[{"taxonomy":"category","embeddable":true,"href":"https:\/\/agromt.news\/index.php?rest_route=%2Fwp%2Fv2%2Fcategories&post=14975"},{"taxonomy":"post_tag","embeddable":true,"href":"https:\/\/agromt.news\/index.php?rest_route=%2Fwp%2Fv2%2Ftags&post=14975"}],"curies":[{"name":"wp","href":"https:\/\/api.w.org\/{rel}","templated":true}]}}