{"id":14972,"date":"2025-06-12T10:44:39","date_gmt":"2025-06-12T14:44:39","guid":{"rendered":"https:\/\/agromt.news\/?p=14972"},"modified":"2025-06-12T10:44:39","modified_gmt":"2025-06-12T14:44:39","slug":"agro-mudara-de-opiniao-sobre-medidas-se-aceitar-reuniao-com-fazenda-diz-haddad","status":"publish","type":"post","link":"https:\/\/agromt.news\/?p=14972","title":{"rendered":"Agro mudar\u00e1 de opini\u00e3o sobre medidas se aceitar reuni\u00e3o com Fazenda, diz Haddad"},"content":{"rendered":"<p> <br \/>\n<br \/><img decoding=\"async\" src=\"https:\/\/agromt.news\/wp-content\/uploads\/2024\/11\/Cancelamento-de-viagem-de-Haddad-e-positiva-para-economia-dizem.jpg\" \/><\/p>\n<div>\n<p>O ministro da <strong><a href=\"http:\/\/www.canalrural.com.br\/tag\/ministerio-da-fazenda\/\">Fazenda<\/a><\/strong>, Fernando Haddad, disse que se os setores que est\u00e3o refrat\u00e1rios \u00e0s medidas propostas pelo governo para um ajuste estrutural das contas p\u00fablicas se reunirem com a equipe t\u00e9cnica para uma conversa, ter\u00e3o melhor compreens\u00e3o do cen\u00e1rio e mudar\u00e3o de opini\u00e3o. As declara\u00e7\u00f5es, feitas a jornalistas ao chegar \u00e0 sede da pasta, foram voltadas ao agroneg\u00f3cio e \u00e0 constru\u00e7\u00e3o civil. <\/p>\n<p>Em rela\u00e7\u00e3o ao agro, o ministro destacou o crescimento do setor. \u201cSe eles tiverem a abertura de ter uma reuni\u00e3o conosco, eles v\u00e3o mudar de opini\u00e3o. N\u00f3s temos um planejamento de Plano Safra, de regulamenta\u00e7\u00e3o do Conselho Monet\u00e1rio Nacional que, pelo contr\u00e1rio, o agro vai continuar. O agro nunca cresceu tanto como agora. N\u00f3s vamos para o terceiro Plano Safra de crescimento\u201d, destacou. <\/p>\n<p>Ele tamb\u00e9m pontuou sobre a queda da infla\u00e7\u00e3o, sobretudo de alimentos. \u201cTemos de buscar apoiar os empreendedores ao menor custo para a sociedade. \u00c9 isso que n\u00f3s estamos buscando fazer. N\u00e3o vai faltar apoio. Esse \u00e9 um instrumento que est\u00e1 causando uma enorme distor\u00e7\u00e3o. H\u00e1 outros que n\u00e3o causam distor\u00e7\u00e3o\u201d, disse o ministro. <\/p>\n<p>Sobre a constru\u00e7\u00e3o civil, Haddad disse que a \u00e1rea nunca viveu um momento t\u00e3o bom quanto agora. \u201c\u00c9 at\u00e9 desleal, da parte de algumas lideran\u00e7as, atacar o governo. Metade da Constitui\u00e7\u00e3o Civil nesse pa\u00eds \u00e9 Minha Casa, Minha Vida, que tinha acabado no governo anterior. Vamos deixar a ideologia \u00e0 parte. Vamos para a mesa, explicar para as pessoas, abrir os n\u00fameros. N\u00e3o tem nenhuma medida que, do ponto de vista econ\u00f4mico, n\u00e3o seja justa, que n\u00e3o esteja corrigindo uma distor\u00e7\u00e3o\u201d, disse. <\/p>\n<p>Ele tamb\u00e9m disse que gostaria de participar de um debate com representantes de bancos e institui\u00e7\u00f5es financeiras e das bets para debater os impactos no setor.<\/p>\n<p>Compensa\u00e7\u00e3o<\/p>\n<\/div>\n<div>\n<p>Fernando Haddad afirmou que h\u00e1 outras maneiras de compensar o fim da isen\u00e7\u00e3o para t\u00edtulos como as letras de cr\u00e9dito para os setores do agroneg\u00f3cio e constru\u00e7\u00e3o civil. A medida provis\u00f3ria publicada pelo governo na noite de quarta-feira (11) prev\u00ea que t\u00edtulos at\u00e9 ent\u00e3o isentos passar\u00e3o a ser tributados em 5%, sem afetar o estoque. <\/p>\n<p>\u201cN\u00f3s temos outras maneiras de compensar, por meio de regula\u00e7\u00e3o do Conselho Monet\u00e1rio Nacional, que envolve o Banco Central, a quest\u00e3o do agro e da constru\u00e7\u00e3o civil\u201d, disse a jornalistas. Ele argumenta que carregar R$ 1,7 trilh\u00e3o em t\u00edtulos isentos e somando a ren\u00fancia de R$ 41 bilh\u00f5es com pap\u00e9is desses dois setores n\u00e3o faz sentido ao se levar em conta a situa\u00e7\u00e3o do Pa\u00eds e o patamar atual de juros. <\/p>\n<p>\u201cO pa\u00eds n\u00e3o est\u00e1 em condi\u00e7\u00e3o de abrir m\u00e3o de 100% do tributo que todo mundo paga quando compra um t\u00edtulo do Tesouro, a n\u00e3o cobrar nem 1% daquilo que quem compra um t\u00edtulo do Tesouro paga. Ent\u00e3o voc\u00ea cria uma distor\u00e7\u00e3o no mercado enorme\u201d, disse. <\/p>\n<p>Ele ainda argumentou que \u201cqualquer pessoa sensata\u201d, seja do Banco Central ou do mercado financeiro, mencionar\u00e1 que essa distor\u00e7\u00e3o deve ser corrigida. <\/p>\n<p>Questionado se essa medida geraria impacto nos pre\u00e7os, Haddad foi taxativo: \u201cabsolutamente n\u00e3o\u201d. <\/p>\n<p>Ele disse que h\u00e1 outras maneiras de canalizar esses recursos, que inclusive n\u00e3o chegam ao produtor. \u201cN\u00e3o \u00e9 verdade que esses recursos est\u00e3o chegando no produtor. Mais da metade desse subs\u00eddio est\u00e1 ficando no meio do caminho, ou com o detentor do t\u00edtulo, ou com o intermedi\u00e1rio. E outra parte nem \u00e9 direcionada para a produ\u00e7\u00e3o civil e para o agro. Ent\u00e3o \u00e9 outro equil\u00edbrio. Isso n\u00e3o vai afetar minimamente\u201d, disse. <\/p>\n<p>O ministro argumentou que \u00e9 a Selic elevada que afeta o mercado, e que o governo precisa criar condi\u00e7\u00f5es que levem \u00e0 redu\u00e7\u00e3o da taxa b\u00e1sica de juros. \u201cEsse conjunto de medidas ajuda a criar um ambiente econ\u00f4mico para fazer cair aquilo que est\u00e1 fora de lugar, completamente fora de lugar\u201d, disse.<\/p>\n<\/p><\/div>\n<p><br \/>\n<br \/><a href=\"https:\/\/www.canalrural.com.br\/economia\/agro-mudara-de-opiniao-sobre-medidas-se-aceitar-reuniao-com-fazenda-diz-haddad\/\">Source link <\/a><\/p>\n","protected":false},"excerpt":{"rendered":"<p>O ministro da Fazenda, Fernando Haddad, disse que se os setores que est\u00e3o refrat\u00e1rios \u00e0s medidas propostas pelo governo para<\/p>\n","protected":false},"author":1,"featured_media":4406,"comment_status":"open","ping_status":"open","sticky":false,"template":"","format":"standard","meta":{"_monsterinsights_skip_tracking":false,"_monsterinsights_sitenote_active":false,"_monsterinsights_sitenote_note":"","_monsterinsights_sitenote_category":0,"_uf_show_specific_survey":0,"_uf_disable_surveys":false,"footnotes":""},"categories":[1],"tags":[],"class_list":["post-14972","post","type-post","status-publish","format-standard","has-post-thumbnail","hentry","category-news"],"_links":{"self":[{"href":"https:\/\/agromt.news\/index.php?rest_route=\/wp\/v2\/posts\/14972"}],"collection":[{"href":"https:\/\/agromt.news\/index.php?rest_route=\/wp\/v2\/posts"}],"about":[{"href":"https:\/\/agromt.news\/index.php?rest_route=\/wp\/v2\/types\/post"}],"author":[{"embeddable":true,"href":"https:\/\/agromt.news\/index.php?rest_route=\/wp\/v2\/users\/1"}],"replies":[{"embeddable":true,"href":"https:\/\/agromt.news\/index.php?rest_route=%2Fwp%2Fv2%2Fcomments&post=14972"}],"version-history":[{"count":0,"href":"https:\/\/agromt.news\/index.php?rest_route=\/wp\/v2\/posts\/14972\/revisions"}],"wp:featuredmedia":[{"embeddable":true,"href":"https:\/\/agromt.news\/index.php?rest_route=\/wp\/v2\/media\/4406"}],"wp:attachment":[{"href":"https:\/\/agromt.news\/index.php?rest_route=%2Fwp%2Fv2%2Fmedia&parent=14972"}],"wp:term":[{"taxonomy":"category","embeddable":true,"href":"https:\/\/agromt.news\/index.php?rest_route=%2Fwp%2Fv2%2Fcategories&post=14972"},{"taxonomy":"post_tag","embeddable":true,"href":"https:\/\/agromt.news\/index.php?rest_route=%2Fwp%2Fv2%2Ftags&post=14972"}],"curies":[{"name":"wp","href":"https:\/\/api.w.org\/{rel}","templated":true}]}}