{"id":1497,"date":"2024-09-12T18:27:30","date_gmt":"2024-09-12T22:27:30","guid":{"rendered":"https:\/\/agromt.news\/?p=1497"},"modified":"2024-09-12T18:27:30","modified_gmt":"2024-09-12T22:27:30","slug":"o-fator-clima-e-a-analise-no-preco-da-soja","status":"publish","type":"post","link":"https:\/\/agromt.news\/?p=1497","title":{"rendered":"O fator clima e a an\u00e1lise no pre\u00e7o da soja"},"content":{"rendered":"<p> <br \/>\n<br \/><img decoding=\"async\" src=\"https:\/\/agromt.news\/wp-content\/uploads\/2024\/09\/O-fator-clima-e-a-analise-no-preco-da-soja.jpg\" \/><\/p>\n<div>\n<p>O fator clima, que antes sugeria uma leve tend\u00eancia de <a href=\"https:\/\/www.canalrural.com.br\/agricultura\/projeto-soja-brasil\/\">queda nos pre\u00e7os da soja<\/a>, agora est\u00e1 neutro. Isso ocorre devido ao equil\u00edbrio entre os problemas clim\u00e1ticos no Brasil e as boas condi\u00e7\u00f5es nos Estados Unidos. O Safras IA Score, ferramenta que analisa como o clima afeta os pre\u00e7os da soja, registrou uma mudan\u00e7a importante.<\/p>\n<p class=\"has-text-align-center\"><em>Confira na palma da m\u00e3o informa\u00e7\u00f5es quentes sobre agricultura, pecu\u00e1ria, economia e previs\u00e3o do tempo:<a href=\"https:\/\/www.whatsapp.com\/channel\/0029Va9VnZxGk1FplZjiW43k\">\u00a0<strong>siga o Canal Rural no WhatsApp<\/strong><\/a>!<\/em><\/p>\n<p class=\"has-text-align-left\">A altera\u00e7\u00e3o afeta diretamente os pre\u00e7os da soja no curto prazo, tanto na Bolsa de Chicago quanto no mercado interno. De acordo com Luiz Fernando Gutierrez, consultor da Safras &amp; Mercado, em breve, o clima norte-americano perder\u00e1 relev\u00e2ncia na forma\u00e7\u00e3o dos pre\u00e7os. O clima sul-americano, especialmente no Brasil, passar\u00e1 a ter um papel central nos pr\u00f3ximos meses.<\/p>\n<\/div>\n<div>\n<p>Gutierrez explica que estamos em uma fase de transi\u00e7\u00e3o entre o mercado clim\u00e1tico dos EUA, que est\u00e1 no fim da colheita, e o mercado sul-americano, que est\u00e1 come\u00e7ando o plantio no Brasil. Isso deve aumentar a volatilidade nos pre\u00e7os, tanto em Chicago quanto no mercado interno. Embora os EUA ainda indiquem uma safra abundante, as incertezas sobre a nova safra no Brasil est\u00e3o crescendo.<\/p>\n<\/div>\n<p><br \/>\n<br \/><a href=\"https:\/\/www.canalrural.com.br\/agricultura\/projeto-soja-brasil\/noticia\/o-fator-clima-e-a-analise-no-preco-da-soja\/\">Source link <\/a><\/p>\n","protected":false},"excerpt":{"rendered":"<p>O fator clima, que antes sugeria uma leve tend\u00eancia de queda nos pre\u00e7os da soja, agora est\u00e1 neutro. Isso ocorre<\/p>\n","protected":false},"author":1,"featured_media":1498,"comment_status":"open","ping_status":"open","sticky":false,"template":"","format":"standard","meta":{"_monsterinsights_skip_tracking":false,"_monsterinsights_sitenote_active":false,"_monsterinsights_sitenote_note":"","_monsterinsights_sitenote_category":0,"_uf_show_specific_survey":0,"_uf_disable_surveys":false,"footnotes":""},"categories":[1],"tags":[],"class_list":["post-1497","post","type-post","status-publish","format-standard","has-post-thumbnail","hentry","category-news"],"_links":{"self":[{"href":"https:\/\/agromt.news\/index.php?rest_route=\/wp\/v2\/posts\/1497"}],"collection":[{"href":"https:\/\/agromt.news\/index.php?rest_route=\/wp\/v2\/posts"}],"about":[{"href":"https:\/\/agromt.news\/index.php?rest_route=\/wp\/v2\/types\/post"}],"author":[{"embeddable":true,"href":"https:\/\/agromt.news\/index.php?rest_route=\/wp\/v2\/users\/1"}],"replies":[{"embeddable":true,"href":"https:\/\/agromt.news\/index.php?rest_route=%2Fwp%2Fv2%2Fcomments&post=1497"}],"version-history":[{"count":0,"href":"https:\/\/agromt.news\/index.php?rest_route=\/wp\/v2\/posts\/1497\/revisions"}],"wp:featuredmedia":[{"embeddable":true,"href":"https:\/\/agromt.news\/index.php?rest_route=\/wp\/v2\/media\/1498"}],"wp:attachment":[{"href":"https:\/\/agromt.news\/index.php?rest_route=%2Fwp%2Fv2%2Fmedia&parent=1497"}],"wp:term":[{"taxonomy":"category","embeddable":true,"href":"https:\/\/agromt.news\/index.php?rest_route=%2Fwp%2Fv2%2Fcategories&post=1497"},{"taxonomy":"post_tag","embeddable":true,"href":"https:\/\/agromt.news\/index.php?rest_route=%2Fwp%2Fv2%2Ftags&post=1497"}],"curies":[{"name":"wp","href":"https:\/\/api.w.org\/{rel}","templated":true}]}}