{"id":14969,"date":"2025-06-12T10:20:33","date_gmt":"2025-06-12T14:20:33","guid":{"rendered":"https:\/\/agromt.news\/?p=14969"},"modified":"2025-06-12T10:20:33","modified_gmt":"2025-06-12T14:20:33","slug":"mercado-do-boi-gordo-em-alta-em-sao-paulo","status":"publish","type":"post","link":"https:\/\/agromt.news\/?p=14969","title":{"rendered":"Mercado do boi gordo em alta em S\u00e3o Paulo"},"content":{"rendered":"<p> <br \/>\n<\/p>\n<div>\n<p style=\"text-align:justify\">\u00a0O mercado do boi gordo registrou alta nas cota\u00e7\u00f5es para todas as categorias em S\u00e3o Paulo, impulsionado pelo bom escoamento da carne bovina. De acordo com a an\u00e1lise &#8220;Tem Boi na Linha&#8221;, da Scot Consultoria, a cota\u00e7\u00e3o do boi gordo e do &#8220;boi China&#8221; subiu R$ 2,00 por arroba. A vaca teve um aumento de R$ 3,00 por arroba, enquanto a novilha registrou a maior alta, com R$ 5,00 por arroba. As escalas de abate no estado atendiam, em m\u00e9dia, a onze dias.&#13;\n<\/p>\n<p style=\"text-align:justify\">Em Goi\u00e1s, a cota\u00e7\u00e3o tamb\u00e9m apresentou valoriza\u00e7\u00e3o nesta quarta-feira, &#8220;com menos boiadas dispon\u00edveis e boa procura por parte dos frigor\u00edficos&#8221;. Na regi\u00e3o de Goi\u00e2nia, o boi gordo e a vaca subiram R$ 2,00 por arroba, enquanto a cota\u00e7\u00e3o da novilha permaneceu est\u00e1vel. Na regi\u00e3o Sul do estado, o boi gordo teve alta de R$ 2,00 por arroba, com as cota\u00e7\u00f5es da vaca e da novilha mantendo-se est\u00e1veis.<\/p>\n<p style=\"text-align:justify\">Na regi\u00e3o Sudeste de Rond\u00f4nia, a cota\u00e7\u00e3o se manteve est\u00e1vel para todas as categorias, e as escalas de abate atendiam, em m\u00e9dia, a seis dias.<\/p>\n<p style=\"text-align:justify\">Os dados da Pesquisa Trimestral do Abate, divulgados nesta quarta-feira pelo Instituto Brasileiro de Geografia e Estat\u00edstica (IBGE), revelam que o abate de bovinos cresceu 4,6% no primeiro trimestre de 2025 em rela\u00e7\u00e3o a 2024. O total de 9,86 milh\u00f5es de cabe\u00e7as abatidas representa o maior n\u00edvel para um primeiro trimestre em toda a s\u00e9rie hist\u00f3rica da pesquisa.&#13;\n<\/p>\n<p style=\"text-align:justify\">O abate de f\u00eameas, especificamente, aumentou 11,3% no primeiro trimestre de 2025, em compara\u00e7\u00e3o ao mesmo per\u00edodo de 2024, totalizando 4,85 milh\u00f5es de cabe\u00e7as. Este \u00e9 o maior n\u00edvel de participa\u00e7\u00e3o de f\u00eameas no abate de bovinos j\u00e1 registrado para o per\u00edodo.<\/p>\n<\/p><\/div>\n<p><script data-cfasync=\"false\">\n    !function (f, b, e, v, n, t, s) {\n        if (f.fbq) return; n = f.fbq = function () {\n            n.callMethod ?\n                n.callMethod.apply(n, arguments) : n.queue.push(arguments)\n        };\n        if (!f._fbq) f._fbq = n; n.push = n; n.loaded = !0; n.version = '2.0';\n        n.queue = []; t = b.createElement(e); t.async = !0;\n        t.src = v; s = b.getElementsByTagName(e)[0];\n        s.parentNode.insertBefore(t, s)\n    }(window, document, 'script',\n        'https:\/\/connect.facebook.net\/en_US\/fbevents.js');\n    fbq('init', '522546078623747');\n    fbq('track', 'PageView');\n<\/script><br \/>\n<br \/><br \/>\n<br \/><a href=\"https:\/\/www.agrolink.com.br\/noticias\/mercado-do-boi-gordo-em-alta-em-sao-paulo_502823.html\">Source link <\/a><\/p>\n","protected":false},"excerpt":{"rendered":"<p>\u00a0O mercado do boi gordo registrou alta nas cota\u00e7\u00f5es para todas as categorias em S\u00e3o Paulo, impulsionado pelo bom escoamento<\/p>\n","protected":false},"author":1,"featured_media":639,"comment_status":"open","ping_status":"open","sticky":false,"template":"","format":"standard","meta":{"_monsterinsights_skip_tracking":false,"_monsterinsights_sitenote_active":false,"_monsterinsights_sitenote_note":"","_monsterinsights_sitenote_category":0,"_uf_show_specific_survey":0,"_uf_disable_surveys":false,"footnotes":""},"categories":[8,1,14],"tags":[],"class_list":["post-14969","post","type-post","status-publish","format-standard","has-post-thumbnail","hentry","category-agro","category-news","category-politica-agro"],"_links":{"self":[{"href":"https:\/\/agromt.news\/index.php?rest_route=\/wp\/v2\/posts\/14969"}],"collection":[{"href":"https:\/\/agromt.news\/index.php?rest_route=\/wp\/v2\/posts"}],"about":[{"href":"https:\/\/agromt.news\/index.php?rest_route=\/wp\/v2\/types\/post"}],"author":[{"embeddable":true,"href":"https:\/\/agromt.news\/index.php?rest_route=\/wp\/v2\/users\/1"}],"replies":[{"embeddable":true,"href":"https:\/\/agromt.news\/index.php?rest_route=%2Fwp%2Fv2%2Fcomments&post=14969"}],"version-history":[{"count":0,"href":"https:\/\/agromt.news\/index.php?rest_route=\/wp\/v2\/posts\/14969\/revisions"}],"wp:featuredmedia":[{"embeddable":true,"href":"https:\/\/agromt.news\/index.php?rest_route=\/wp\/v2\/media\/639"}],"wp:attachment":[{"href":"https:\/\/agromt.news\/index.php?rest_route=%2Fwp%2Fv2%2Fmedia&parent=14969"}],"wp:term":[{"taxonomy":"category","embeddable":true,"href":"https:\/\/agromt.news\/index.php?rest_route=%2Fwp%2Fv2%2Fcategories&post=14969"},{"taxonomy":"post_tag","embeddable":true,"href":"https:\/\/agromt.news\/index.php?rest_route=%2Fwp%2Fv2%2Ftags&post=14969"}],"curies":[{"name":"wp","href":"https:\/\/api.w.org\/{rel}","templated":true}]}}