{"id":14967,"date":"2025-06-12T10:11:04","date_gmt":"2025-06-12T14:11:04","guid":{"rendered":"https:\/\/agromt.news\/?p=14967"},"modified":"2025-06-12T10:11:04","modified_gmt":"2025-06-12T14:11:04","slug":"futuro-do-credito-para-agronegocio-tambem-e-assunto-na-bahia-farm-show","status":"publish","type":"post","link":"https:\/\/agromt.news\/?p=14967","title":{"rendered":"Futuro do cr\u00e9dito para agroneg\u00f3cio tamb\u00e9m \u00e9 assunto na Bahia Farm Show"},"content":{"rendered":"<p> <br \/>\n<br \/><img decoding=\"async\" src=\"https:\/\/agromt.news\/wp-content\/uploads\/2025\/06\/Futuro-do-credito-para-agronegocio-tambem-e-assunto-na-Bahia.jpg\" \/><\/p>\n<div>\n<p>Onde h\u00e1 feira agr\u00edcola, h\u00e1 movimenta\u00e7\u00f5es financeiras. Realizada em Lu\u00eds Eduardo Magalh\u00e3es, no Oeste da Bahia, o futuro do cr\u00e9dito para o agroneg\u00f3cio tamb\u00e9m \u00e9 assunto na Bahia Farm Show, maior evento do segmento do Norte e Nordeste do pa\u00eds.<\/p>\n<p>A expectativa \u00e9 que a 19\u00aa edi\u00e7\u00e3o supere o volume de neg\u00f3cios da edi\u00e7\u00e3o anterior de R$ 10,9 bilh\u00f5es. As institui\u00e7\u00f5es financeiras que participam da feira estimam bons resultados neste ano.<\/p>\n<figure class=\"wp-block-embed is-type-video is-provider-youtube wp-block-embed-youtube wp-embed-aspect-16-9 wp-has-aspect-ratio\">\n<p>\n<iframe title=\"No Oeste da BA, produtores est\u00e3o \u00e0 espera do Plano Safra\" width=\"800\" height=\"450\" src=\"https:\/\/www.youtube.com\/embed\/n8s9PqvMheU?feature=oembed\" frameborder=\"0\" allow=\"accelerometer; autoplay; clipboard-write; encrypted-media; gyroscope; picture-in-picture; web-share\" referrerpolicy=\"strict-origin-when-cross-origin\" allowfullscreen><\/iframe><noscript><iframe title=\"No Oeste da BA, produtores est\u00e3o \u00e0 espera do Plano Safra\" width=\"800\" height=\"450\" src=\"https:\/\/www.youtube.com\/embed\/n8s9PqvMheU?feature=oembed\" frameborder=\"0\" allow=\"accelerometer; autoplay; clipboard-write; encrypted-media; gyroscope; picture-in-picture; web-share\" referrerpolicy=\"strict-origin-when-cross-origin\" allowfullscreen><\/iframe><\/noscript>\n<\/p>\n<\/figure>\n<p>\u201cA nossa expectativa \u00e9 realmente de superar. No ano passado, os resultados da feira j\u00e1 foram extraordin\u00e1rios. A Bahia Farm Show \u00e9 extremamente voltada para neg\u00f3cios\u201d, comentou o presidente do Sicredi Uni\u00e3o MS\/TO e Oeste da Bahia, Celso R\u00e9gis.<\/p>\n<p>\u00c9den J\u00fanior Oliveira, pecuarista do Sul do Piau\u00ed, disse que est\u00e1 em busca de um financiamento atrativo para investir: \u201cSe a gente tiver um bom pre\u00e7o para vender nosso produto e uma linha de cr\u00e9dito com juros justos, subsidiada e mais atrativa, a\u00ed sim conseguimos fechar a conta e colocar um lucrozinho no bolso no final do ano\u201d, disse o produtor.<\/p>\n<p>No entanto, os neg\u00f3cios concretizados na feira podem ser impactados pelas futuras decis\u00f5es pol\u00edticas que afetam o mercado financeiro. Com a proximidade do lan\u00e7amento do Plano Safra 2025, produtores e institui\u00e7\u00f5es financeiras do setor demonstram preocupa\u00e7\u00e3o com as movimenta\u00e7\u00f5es do governo federal.<\/p>\n<p>\u201cEstamos em um momento crucial de discuss\u00e3o sobre os recursos que v\u00e3o compor o cr\u00e9dito rural no pr\u00f3ximo Plano Safra. Recentemente, fomos surpreendidos com altera\u00e7\u00f5es em uma das principais fontes de capta\u00e7\u00e3o de recursos. De um lado, precisamos captar dinheiro para oferecer cr\u00e9dito rural, que \u00e9 diferenciado; do outro, temos o tomador, o produtor rural. A principal fonte de capta\u00e7\u00e3o \u00e9 a LCA, a Letra de Cr\u00e9dito do Agroneg\u00f3cio, e estamos enfrentando discuss\u00f5es no governo federal sobre a possibilidade de taxa\u00e7\u00e3o, o que seria extremamente prejudicial\u201d, afirmou Celso R\u00e9gis.<\/p>\n<\/div>\n<div>\n<p>Uma das propostas do governo federal \u00e9 retirar a isen\u00e7\u00e3o do Imposto de Renda das Letras de Cr\u00e9dito Imobili\u00e1rio (LCIs) e do Agroneg\u00f3cio (LCAs). O governador da Bahia, Jer\u00f4nimo Rodrigues, tamb\u00e9m comentou o assunto:<\/p>\n<p>\u201cA minha bancada de deputados federais e senadores sabe que a nossa inten\u00e7\u00e3o \u00e9 criar harmonia na economia. \u00c9 preciso analisar quem pode pagar essas taxas ou sobretaxas \u2014 qual segmento \u00e9 capaz disso \u2014 para que n\u00e3o haja sacrif\u00edcio excessivo de um lado ou de outro. Eu sei que a r\u00e9gua do governo federal \u00e9 nacional e n\u00e3o trata de um nicho espec\u00edfico, mas olha para o pa\u00eds inteiro \u2014 considerando taxas de juros, valor do d\u00f3lar. Minha expectativa \u00e9 que haja avan\u00e7os nas negocia\u00e7\u00f5es, para que o Congresso encontre um meio-termo com o presidente Lula\u201d, disse o governador <a href=\"https:\/\/www.canalrural.com.br\/nacional\/bahia\/autoridades-e-liderancas-do-agro-prestigiam-abertura-da-19a-edicao-da-bahia-farm-show\/\">durante coletiva de imprensa na abertura do evento.<\/a><\/p>\n<p>Segundo a organiza\u00e7\u00e3o da Bahia Farm Show, mais de 67 mil pessoas j\u00e1 passaram pela feira nos tr\u00eas primeiros dias.<\/p>\n<hr class=\"wp-block-separator has-alpha-channel-opacity\"\/>\n<p><em>Voc\u00ea tamb\u00e9m pode participar deixando uma sugest\u00e3o de pauta. Siga o\u00a0<a href=\"https:\/\/www.instagram.com\/canalruralbahia\/\">Canal Rural Bahia no Instagram<\/a>\u00a0e nos envie uma mensagem<\/em>.<\/p>\n<\/p><\/div>\n<p><script async src=\"\/\/www.instagram.com\/embed.js\"><\/script><br \/>\n<br \/><br \/>\n<br \/><a href=\"https:\/\/www.canalrural.com.br\/nacional\/bahia\/futuro-do-credito-para-agronegocio-tambem-e-assunto-na-bahia-farm-show\/\">Source link <\/a><\/p>\n","protected":false},"excerpt":{"rendered":"<p>Onde h\u00e1 feira agr\u00edcola, h\u00e1 movimenta\u00e7\u00f5es financeiras. Realizada em Lu\u00eds Eduardo Magalh\u00e3es, no Oeste da Bahia, o futuro do cr\u00e9dito<\/p>\n","protected":false},"author":1,"featured_media":14968,"comment_status":"open","ping_status":"open","sticky":false,"template":"","format":"standard","meta":{"_monsterinsights_skip_tracking":false,"_monsterinsights_sitenote_active":false,"_monsterinsights_sitenote_note":"","_monsterinsights_sitenote_category":0,"_uf_show_specific_survey":0,"_uf_disable_surveys":false,"footnotes":""},"categories":[1],"tags":[],"class_list":["post-14967","post","type-post","status-publish","format-standard","has-post-thumbnail","hentry","category-news"],"_links":{"self":[{"href":"https:\/\/agromt.news\/index.php?rest_route=\/wp\/v2\/posts\/14967"}],"collection":[{"href":"https:\/\/agromt.news\/index.php?rest_route=\/wp\/v2\/posts"}],"about":[{"href":"https:\/\/agromt.news\/index.php?rest_route=\/wp\/v2\/types\/post"}],"author":[{"embeddable":true,"href":"https:\/\/agromt.news\/index.php?rest_route=\/wp\/v2\/users\/1"}],"replies":[{"embeddable":true,"href":"https:\/\/agromt.news\/index.php?rest_route=%2Fwp%2Fv2%2Fcomments&post=14967"}],"version-history":[{"count":0,"href":"https:\/\/agromt.news\/index.php?rest_route=\/wp\/v2\/posts\/14967\/revisions"}],"wp:featuredmedia":[{"embeddable":true,"href":"https:\/\/agromt.news\/index.php?rest_route=\/wp\/v2\/media\/14968"}],"wp:attachment":[{"href":"https:\/\/agromt.news\/index.php?rest_route=%2Fwp%2Fv2%2Fmedia&parent=14967"}],"wp:term":[{"taxonomy":"category","embeddable":true,"href":"https:\/\/agromt.news\/index.php?rest_route=%2Fwp%2Fv2%2Fcategories&post=14967"},{"taxonomy":"post_tag","embeddable":true,"href":"https:\/\/agromt.news\/index.php?rest_route=%2Fwp%2Fv2%2Ftags&post=14967"}],"curies":[{"name":"wp","href":"https:\/\/api.w.org\/{rel}","templated":true}]}}