{"id":14957,"date":"2025-06-12T08:35:45","date_gmt":"2025-06-12T12:35:45","guid":{"rendered":"https:\/\/agromt.news\/?p=14957"},"modified":"2025-06-12T08:35:45","modified_gmt":"2025-06-12T12:35:45","slug":"produtores-apostam-na-criatividade-para-o-dia-dos-namorados","status":"publish","type":"post","link":"https:\/\/agromt.news\/?p=14957","title":{"rendered":"produtores apostam na criatividade para o Dia dos Namorados"},"content":{"rendered":"<p> <br \/>\n<\/p>\n<div>\n<p>As <a href=\"https:\/\/www.canalrural.com.br\/agricultura\/floricultura-brasileira-espera-aumento-de-8-no-comercio-de-flores-para-o-dia-das-maes\/\">flores<\/a> continuam sendo um dos presentes mais cl\u00e1ssicos e carregados de significado para muitas datas comemorativas. Em Erechim, no Rio Grande do Sul, o amor floresce h\u00e1 anos entre as estufas do S\u00edtio Tutti Fiori.<\/p>\n<p>Fl\u00e1via Malacarne, seu esposo Marcos Rossarola e o cunhado compartilham o mesmo sonho: cultivar beleza e emo\u00e7\u00e3o por meio das flores. Juntos, eles dedicam-se ao cultivo de 16 esp\u00e9cies, com destaque para as delicadas alstroem\u00e9rias e vibrantes g\u00e9rberas.<\/p>\n<p>\u201cAtendemos floriculturas, decoradores, funer\u00e1rias e tamb\u00e9m o consumidor final\u201d, conta Malacarne, que h\u00e1 anos transforma p\u00e9talas em gestos de carinho e afeto.<\/p>\n<p>Para o Dia dos Namorados, Fl\u00e1via preparou um arranjo especial, combinando <a href=\"https:\/\/www.instagram.com\/flaviamarcosmalacarne?igsh=MWc3bTVyN2IwY3B5OA==\">um arranjo com flores mistas<\/a> e materiais r\u00fasticos, perfeito para traduzir sentimentos. O conjunto est\u00e1 dispon\u00edvel na feira do produtor da cidade, onde mant\u00e9m um box.<\/p>\n<p>Mas o S\u00edtio Tutti Fiori vai al\u00e9m da produ\u00e7\u00e3o de flores: tornou-se um ponto de visita\u00e7\u00e3o para universit\u00e1rios e turistas.<\/p>\n<p>\u201cA prefeitura disponibiliza o \u00f4nibus e organiza o passeio. A gente recebe, mostra a estrutura e conta um pouquinho da nossa hist\u00f3ria. E as visitas t\u00e9cnicas, s\u00e3o direcionadas para os estudantes\u201d, explica Malacarne, que j\u00e1 foi premiada pelo Sebrae no <a href=\"https:\/\/www.canalrural.com.br\/empreendedorismo\/como-se-inscrever-no-premio-sebrae-mulher-de-negocios-2025\/\">Pr\u00eamio Mulher de Neg\u00f3cios,<\/a> na categoria ouro do Rio Grande do Sul.<\/p>\n<p>Casada com Marcos h\u00e1 23 anos, Fl\u00e1via e o esposo compartilham a jornada da vida ao lado da filha de oito anos. No Dia dos Namorados, ela reflete sobre o verdadeiro segredo de um relacionamento duradouro, que vai muito al\u00e9m da colheita di\u00e1ria.<\/p>\n<p>\u201cEu s\u00f3 colho uma flor bonita se eu plantar a mudinha, cuidar dela e mant\u00ea-la saud\u00e1vel at\u00e9 o momento da colheita, assim \u00e9 o amor\u201d, finaliza a produtora rural. <\/p>\n<h2 class=\"wp-block-heading\" id=\"h-queijo-em-forma-de-coracao\">Queijo em forma de cora\u00e7\u00e3o<\/h2>\n<figure class=\"wp-block-image size-large\"><img fetchpriority=\"high\" decoding=\"async\" width=\"1024\" height=\"985\" src=\"https:\/\/agromt.news\/wp-content\/uploads\/2025\/06\/produtores-apostam-na-criatividade-para-o-Dia-dos-Namorados.jpg\" alt=\"\" class=\"wp-image-4104498\"  \/><figcaption class=\"wp-element-caption\">\u2018Queijo Neve\u2019 dispon\u00edvel em alguns pontos de venda em Gramado e na Banca do Holand\u00eas, em Porto Alegre. Foto: Arquivo Pessoal.<\/figcaption><\/figure>\n<p>Se as flores encantam pela beleza, os sabores tamb\u00e9m s\u00e3o capazes de tocar o cora\u00e7\u00e3o dos apaixonados. E foi com amor e dedica\u00e7\u00e3o que os produtores Matheus Padilha e Glaucia Dias decidiram inovar.<\/p>\n<p>Com seis meses de produ\u00e7\u00e3o e onze anos de relacionamento, o casal uniu a vida pessoal ao neg\u00f3cio e produziu o \u2018Queijo Neve\u2019 \u2013 tipo brie -, em formato de cora\u00e7\u00e3o,<\/p>\n<p>Este ano, impulsionados pelo desejo de levar o queijo para mais pessoas, Matheus e Glaucia inscreveram o \u2018Queijo Neve\u2019 no 3\u00ba Concurso de Queijos Artesanais e Doce de Leite do Rio Grande do Sul, organizado pela Associa\u00e7\u00e3o Ga\u00facha de Laticinistas e Sebrae\/RS.<\/p>\n<\/div>\n<div>\n<p>E o resultado? \u201cGanhamos medalha de ouro com nosso Brie Noir \u2013 um queijo tipo brie com carv\u00e3o vegetal na casca\u201d, celebra Padilha, orgulhoso do reconhecimento de seu trabalho feito com alma e carinho.<\/p>\n<p>Com a marca <a href=\"https:\/\/www.instagram.com\/almaqueijaria\">Alma Queijaria<\/a>, o produto est\u00e1 dispon\u00edvel em alguns pontos de venda em Gramado e na Banca do Holand\u00eas, em Porto Alegre (RS).<\/p>\n<ul class=\"wp-block-list\">\n<li><em>Participe do Porteira Aberta Empreender: envie perguntas, sugest\u00f5es e conte sua hist\u00f3ria de empreendedorismo pelo<\/em><strong><em>\u00a0<\/em><\/strong><a href=\"https:\/\/api.whatsapp.com\/send?phone=5511932796720&amp;PorteiraAbertaEmpreender=SuaMensagem\"><strong><em>WhatsApp<\/em><\/strong><\/a>.<\/li>\n<\/ul>\n<h2 class=\"wp-block-heading\" id=\"h-doce-de-leite-e-vela-aromatica\"><strong>Doce de leite e vela arom\u00e1tica<\/strong><\/h2>\n<p>Quem tamb\u00e9m aproveitou a data para inovar, foi o casal Arthur Fernando Bordignon Filho e Cibele Rotta Bordignon, casados h\u00e1 25 anos. Unidos pela vida e pelo trabalho, eles v\u00eam se destacando na produ\u00e7\u00e3o de doce de leite artesanal em Uruguaiana (RS) com a marca Pala do Sul.<\/p>\n<p>\u201cFui produtor de leite por 30 anos e, h\u00e1 cinco, resolvi fazer o meu pr\u00f3prio doce de leite\u201d, conta o produtor Bordignon.<\/p>\n<p>Cada pote de doce de leite carrega mais do que sabor; \u00e9 feito com dedica\u00e7\u00e3o e carinho, refletindo o compromisso em levar aos consumidores um produto que ado\u00e7a momentos especiais.<\/p>\n<figure class=\"wp-block-image size-full\"><img decoding=\"async\" width=\"793\" height=\"853\" src=\"https:\/\/agromt.news\/wp-content\/uploads\/2025\/06\/1749731745_46_produtores-apostam-na-criatividade-para-o-Dia-dos-Namorados.jpg\" alt=\"\" class=\"wp-image-4104495\"  \/><figcaption class=\"wp-element-caption\">O Kit est\u00e1 dispon\u00edvel na loja Tela, que fica no Shopping Praia de Belas, em Porto Alegre. Foto: Arquivo Pessoal <\/figcaption><\/figure>\n<p>H\u00e1 pouco mais de\u00a0um m\u00eas, com incentivo do Sebrae\/RS, a <a href=\"https:\/\/www.instagram.com\/paladosul?igsh=NjJ4NG01NTl3ODd1&amp;utm_source=qr\"><strong>Pala do Sul<\/strong> <\/a>firmou parceria com a<a href=\"https:\/\/www.instagram.com\/arthahome\/\"><strong> Artha Home<\/strong><\/a>, produtora de velas arom\u00e1ticas, para atender \u00e0 demanda do dia mais rom\u00e2ntico do ano, 12 de junho. <\/p>\n<p>\u201cResolvemos unir<a href=\"https:\/\/www.canalrural.com.br\/agricultura\/demanda-por-plantas-aromaticas-e-medicinais-cresce-no-brasil\/\"> sabores e aromas<\/a> e produzimos kits para o Dia dos Namorados. Cada kit cont\u00e9m um pote de doce de leite com nibs de cacau e uma vela arom\u00e1tica. O produto est\u00e1 dispon\u00edvel na loja Tela, que fica no Shopping Praia de Belas, em Porto Alegre.\u201d<\/p>\n<p>Mais do que flores, velas e alimentos, os produtos destes casais trazem um ingrediente essencial: o amor. <\/p>\n<p>Essas iniciativas mostram que o Dia dos Namorados vai al\u00e9m dos tradicionais presentes: \u00e9 uma oportunidade de contar hist\u00f3rias, <a href=\"https:\/\/www.canalrural.com.br\/empreendedorismo\/portfolio-e-apresentacao-estrategica-o-segredo-para-fortalecer-sua-marca\/\">valorizar os pequenos produtores<\/a> e criar la\u00e7os entre quem planta, produz e consome.<\/p>\n<\/p><\/div>\n<p><script async src=\"\/\/www.instagram.com\/embed.js\"><\/script><br \/>\n<br \/><br \/>\n<br \/><a href=\"https:\/\/www.canalrural.com.br\/empreendedorismo\/aromas-e-sabores-criatividade-dos-produtores-rurais-marca-o-dia-dos-namorados\/\">Source link <\/a><\/p>\n","protected":false},"excerpt":{"rendered":"<p>As flores continuam sendo um dos presentes mais cl\u00e1ssicos e carregados de significado para muitas datas comemorativas. Em Erechim, no<\/p>\n","protected":false},"author":1,"featured_media":14958,"comment_status":"open","ping_status":"open","sticky":false,"template":"","format":"standard","meta":{"_monsterinsights_skip_tracking":false,"_monsterinsights_sitenote_active":false,"_monsterinsights_sitenote_note":"","_monsterinsights_sitenote_category":0,"_uf_show_specific_survey":0,"_uf_disable_surveys":false,"footnotes":""},"categories":[1],"tags":[],"class_list":["post-14957","post","type-post","status-publish","format-standard","has-post-thumbnail","hentry","category-news"],"_links":{"self":[{"href":"https:\/\/agromt.news\/index.php?rest_route=\/wp\/v2\/posts\/14957"}],"collection":[{"href":"https:\/\/agromt.news\/index.php?rest_route=\/wp\/v2\/posts"}],"about":[{"href":"https:\/\/agromt.news\/index.php?rest_route=\/wp\/v2\/types\/post"}],"author":[{"embeddable":true,"href":"https:\/\/agromt.news\/index.php?rest_route=\/wp\/v2\/users\/1"}],"replies":[{"embeddable":true,"href":"https:\/\/agromt.news\/index.php?rest_route=%2Fwp%2Fv2%2Fcomments&post=14957"}],"version-history":[{"count":0,"href":"https:\/\/agromt.news\/index.php?rest_route=\/wp\/v2\/posts\/14957\/revisions"}],"wp:featuredmedia":[{"embeddable":true,"href":"https:\/\/agromt.news\/index.php?rest_route=\/wp\/v2\/media\/14958"}],"wp:attachment":[{"href":"https:\/\/agromt.news\/index.php?rest_route=%2Fwp%2Fv2%2Fmedia&parent=14957"}],"wp:term":[{"taxonomy":"category","embeddable":true,"href":"https:\/\/agromt.news\/index.php?rest_route=%2Fwp%2Fv2%2Fcategories&post=14957"},{"taxonomy":"post_tag","embeddable":true,"href":"https:\/\/agromt.news\/index.php?rest_route=%2Fwp%2Fv2%2Ftags&post=14957"}],"curies":[{"name":"wp","href":"https:\/\/api.w.org\/{rel}","templated":true}]}}