{"id":14949,"date":"2025-06-11T22:38:02","date_gmt":"2025-06-12T02:38:02","guid":{"rendered":"https:\/\/agromt.news\/?p=14949"},"modified":"2025-06-11T22:38:02","modified_gmt":"2025-06-12T02:38:02","slug":"mato-grosso-abate-611-mil-bovinos-em-maio","status":"publish","type":"post","link":"https:\/\/agromt.news\/?p=14949","title":{"rendered":"Mato Grosso abate 611 mil bovinos em maio"},"content":{"rendered":"<p> <br \/>\n<\/p>\n<div>\n<div class=\"row\">\n<div class=\"col-lg col-infos mt-0 mt-lg-0\">\n<div class=\"section-sub-title\">\n<p itemprop=\"description\">&#13;<br \/>\n                                Abate de f\u00eameas volta a subir no anual&#13;\n                            <\/p>\n<\/p><\/div>\n<div class=\"container\">\n<div class=\"row\">\n<div class=\"col-lg p-0\">\n<div>\n<div class=\"block-news-main-infos mt-3 text-start\">\n<p>                                            <strong class=\"fn\" itemprop=\"author\" style=\"color: rgb(112, 112, 112); \">&#13;<br \/>\n                                                <a href=\"https:\/\/www.agrolink.com.br\/noticias\/javascript:;\" class=\"text-uppercase\" target=\"_blank\" style=\"color: rgb(112, 112, 112); \" rel=\"noopener\">Agrolink<\/a>&#13;<br \/>\n&#13;<br \/>\n                                                    &#8211; Seane Lennon&#13;<br \/>\n&#13;<br \/>\n                                            <\/strong><br \/>\n                                        <\/p>\n<p>                                            <abbr><time datetime=\"2025-06-11T18:47\" itemprop=\"datePublished dateModified\">Publicado em 11\/06\/2025 \u00e0s 18:47h.<\/time><\/abbr><br \/>\n                                            <\/p><\/div>\n<\/p><\/div>\n<\/p><\/div>\n<div class=\"col-lg p-0 text-lg-end\">\n<div>\n<div id=\"mdEnviarPagina\" class=\"modal fade\" role=\"dialog\">\n<div class=\"modal-dialog\">\n<div class=\"modal-content\">\n<div class=\"modal-body\">\n<p><strong>Estimado usu\u00e1rio.<\/strong><br \/>Preencha o formul\u00e1rio abaixo para remeter a p\u00e1gina.<\/p>\n<\/p><\/div>\n<\/p><\/div>\n<\/p><\/div>\n<\/div><\/div>\n<\/p><\/div>\n<\/p><\/div>\n<\/p><\/div>\n<\/p><\/div>\n<\/p><\/div>\n<div class=\"row justify-content-md-center mt-3\">\n<div class=\"col-lg-auto col-image block-news-main-image\">\n<p>                                <img decoding=\"async\" src=\"https:\/\/www.agrolink.com.br\/upload\/imagens-resizes\/c4de97f55a36443793533446276d6dcb_858x483.jpg\" class=\"lazyload img-fluid\"\/><br \/>\n                                                <span class=\"publicity-photo d-block mt-1\">Foto: Sheila Flores<\/span><\/p><\/div>\n<\/p><\/div>\n<div class=\"section-description section-description-noticias mt-3\">\n<p style=\"text-align:justify\">Mato Grosso enviou 611,94 mil bovinos para abate em maio de 2025, um acr\u00e9scimo de 5,24% em rela\u00e7\u00e3o a abril. Desse total, o abate de f\u00eameas somou 332,85 mil cabe\u00e7as, representando 54,39% do volume total, o que marca o segundo maior valor na s\u00e9rie hist\u00f3rica. Com isso, a varia\u00e7\u00e3o anual do abate de f\u00eameas, que acumulava tr\u00eas meses consecutivos de queda, voltou a crescer em maio de 2025, com um aumento de 3,02% no comparativo anual. As informa\u00e7\u00f5es foram divulgadas na an\u00e1lise semanal do Instituto Mato-Grossense de Economia Agropecu\u00e1ria (Imea) nesta segunda-feira (9).&#13;\n<\/p>\n<p style=\"text-align:justify\">Apesar do avan\u00e7o observado no \u00faltimo m\u00eas, a m\u00e9dia m\u00f3vel dos tr\u00eas \u00faltimos meses para o abate de f\u00eameas permaneceu negativa, em -2,14%. Segundo o Imea, a expectativa \u00e9 que &#8220;a presen\u00e7a de f\u00eameas nos abates recue no longo prazo, dada a transi\u00e7\u00e3o do ciclo pecu\u00e1rio&#8221;. Essa proje\u00e7\u00e3o baseia-se na melhora da margem da cria, que &#8220;estimula o movimento de reten\u00e7\u00e3o de matrizes&#8221;.&#13;\n<\/p>\n<p style=\"text-align:justify\">Al\u00e9m disso, o instituto indica que &#8220;a tend\u00eancia \u00e9 que a oferta de machos seja maior, uma vez que a margem de confinamento tende a melhorar com a recupera\u00e7\u00e3o nos pre\u00e7os do boi gordo&#8221;.<\/p>\n<\/p><\/div>\n<\/p><\/div>\n<p><script data-cfasync=\"false\">\n    !function (f, b, e, v, n, t, s) {\n        if (f.fbq) return; n = f.fbq = function () {\n            n.callMethod ?\n                n.callMethod.apply(n, arguments) : n.queue.push(arguments)\n        };\n        if (!f._fbq) f._fbq = n; n.push = n; n.loaded = !0; n.version = '2.0';\n        n.queue = []; t = b.createElement(e); t.async = !0;\n        t.src = v; s = b.getElementsByTagName(e)[0];\n        s.parentNode.insertBefore(t, s)\n    }(window, document, 'script',\n        'https:\/\/connect.facebook.net\/en_US\/fbevents.js');\n    fbq('init', '522546078623747');\n    fbq('track', 'PageView');\n<\/script><br \/>\n<br \/><br \/>\n<br \/><a href=\"https:\/\/www.agrolink.com.br\/noticias\/mato-grosso-abate-611-mil-bovinos-em-maio_502829.html\">Source link <\/a><\/p>\n","protected":false},"excerpt":{"rendered":"<p>&#13; Abate de f\u00eameas volta a subir no anual&#13; &#13; Agrolink&#13; &#13; &#8211; Seane Lennon&#13; &#13; Publicado em 11\/06\/2025 \u00e0s<\/p>\n","protected":false},"author":1,"featured_media":3890,"comment_status":"open","ping_status":"open","sticky":false,"template":"","format":"standard","meta":{"_monsterinsights_skip_tracking":false,"_monsterinsights_sitenote_active":false,"_monsterinsights_sitenote_note":"","_monsterinsights_sitenote_category":0,"_uf_show_specific_survey":0,"_uf_disable_surveys":false,"footnotes":""},"categories":[8,1,14],"tags":[],"class_list":["post-14949","post","type-post","status-publish","format-standard","has-post-thumbnail","hentry","category-agro","category-news","category-politica-agro"],"_links":{"self":[{"href":"https:\/\/agromt.news\/index.php?rest_route=\/wp\/v2\/posts\/14949"}],"collection":[{"href":"https:\/\/agromt.news\/index.php?rest_route=\/wp\/v2\/posts"}],"about":[{"href":"https:\/\/agromt.news\/index.php?rest_route=\/wp\/v2\/types\/post"}],"author":[{"embeddable":true,"href":"https:\/\/agromt.news\/index.php?rest_route=\/wp\/v2\/users\/1"}],"replies":[{"embeddable":true,"href":"https:\/\/agromt.news\/index.php?rest_route=%2Fwp%2Fv2%2Fcomments&post=14949"}],"version-history":[{"count":0,"href":"https:\/\/agromt.news\/index.php?rest_route=\/wp\/v2\/posts\/14949\/revisions"}],"wp:featuredmedia":[{"embeddable":true,"href":"https:\/\/agromt.news\/index.php?rest_route=\/wp\/v2\/media\/3890"}],"wp:attachment":[{"href":"https:\/\/agromt.news\/index.php?rest_route=%2Fwp%2Fv2%2Fmedia&parent=14949"}],"wp:term":[{"taxonomy":"category","embeddable":true,"href":"https:\/\/agromt.news\/index.php?rest_route=%2Fwp%2Fv2%2Fcategories&post=14949"},{"taxonomy":"post_tag","embeddable":true,"href":"https:\/\/agromt.news\/index.php?rest_route=%2Fwp%2Fv2%2Ftags&post=14949"}],"curies":[{"name":"wp","href":"https:\/\/api.w.org\/{rel}","templated":true}]}}