{"id":14947,"date":"2025-06-11T20:33:07","date_gmt":"2025-06-12T00:33:07","guid":{"rendered":"https:\/\/agromt.news\/?p=14947"},"modified":"2025-06-11T20:33:07","modified_gmt":"2025-06-12T00:33:07","slug":"policia-apreende-27-toneladas-de-cafe-improprio-para-consumo-no-rj","status":"publish","type":"post","link":"https:\/\/agromt.news\/?p=14947","title":{"rendered":"Pol\u00edcia apreende 2,7 toneladas de caf\u00e9 impr\u00f3prio para consumo no RJ"},"content":{"rendered":"<p> <br \/>\n<br \/><img decoding=\"async\" src=\"https:\/\/agromt.news\/wp-content\/uploads\/2024\/11\/leilao-de-graos-do-Cerrado-mineiro-vende-saca-a-R.jpg\" \/><\/p>\n<div>\n<p>A pol\u00edcia civil do Rio de Janeiro apreendeu nesta quarta-feira (11) 5.500 pacotes de caf\u00e9 de 500g cada impr\u00f3prios para consumo, o que totaliza 2,75 toneladas, em estabelecimentos comerciais da zona norte da cidade ap\u00f3s den\u00fancia da Associa\u00e7\u00e3o Brasileira da Ind\u00fastria do Caf\u00e9 (Abic). <\/p>\n<p>Os produtos \u2013 cujas marcas n\u00e3o foram divulgadas pela corpora\u00e7\u00e3o \u2013 foram recolhidos por agentes da Delegacia do Consumidor (Decon), ap\u00f3s peritos do Instituto de Criminal\u00edstica Carlos \u00c9boli constatarem que as marcas tinham grau de impureza muito acima do permitido.<\/p>\n<p>Uma portaria do Minist\u00e9rio da Agricultura e Pecu\u00e1ria <strong><a href=\"https:\/\/www.canalrural.com.br\/tag\/mapa\/\">(Mapa)<\/a><\/strong> determina que o teor de impureza no caf\u00e9 deve ser de no m\u00e1ximo 1%. Contudo, os testes apontaram \u00edndices superiores a 10% em algumas marcas.<\/p>\n<p>As fiscaliza\u00e7\u00f5es contaram com apoio do Mapa e ocorreram nos bairros de Iraj\u00e1, Jardim Am\u00e9rica, Maracan\u00e3 e Bonsucesso, todos na zona norte carioca, recolhendo cerca de 5.500 pacotes de 500g cada. <\/p>\n<p>Os respons\u00e1veis pelos estabelecimentos foram conduzidos \u00e0 delegacia para prestar depoimento sobre a origem da compra e os fornecedores do caf\u00e9.<\/p>\n<\/div>\n<div>\n<p>No m\u00eas passado, o Minist\u00e9rio da Agricultura e Pecu\u00e1ria desclassificou tr\u00eas marcas de caf\u00e9 torrado para consumo humano <strong>(Melissa \u2013 imita\u00e7\u00e3o do Melitta \u2013 Pingo Preto e Oficial)<\/strong>. <\/p>\n<p>A medida foi tomada ap\u00f3s an\u00e1lises em laborat\u00f3rio apontarem impurezas e presen\u00e7a de micotoxinas e mat\u00e9rias estranhas nos produtos em n\u00edveis superiores aos permitidos pela legisla\u00e7\u00e3o.<\/p>\n<p>S\u00e3o consideradas mat\u00e9rias estranhas no caf\u00e9: gr\u00e3os ou sementes de outras esp\u00e9cies vegetais, areia, pedras ou torr\u00f5es. J\u00e1 as impurezas s\u00e3o elementos da lavoura, como cascas e paus.<\/p>\n<p>O Minist\u00e9rio orienta que consumidores que tenham adquirido os produtos listados deixem de consumi-los imediatamente. O consumidor pode solicitar a substitui\u00e7\u00e3o do produto.<\/p>\n<p>*<em>Com informa\u00e7\u00f5es da Ag\u00eancia Brasil<\/em><\/p>\n<\/p><\/div>\n<p><br \/>\n<br \/><a href=\"https:\/\/www.canalrural.com.br\/agricultura\/policia-apreende-27-toneladas-de-cafe-improprio-para-consumo-no-rj\/\">Source link <\/a><\/p>\n","protected":false},"excerpt":{"rendered":"<p>A pol\u00edcia civil do Rio de Janeiro apreendeu nesta quarta-feira (11) 5.500 pacotes de caf\u00e9 de 500g cada impr\u00f3prios para<\/p>\n","protected":false},"author":1,"featured_media":5186,"comment_status":"open","ping_status":"open","sticky":false,"template":"","format":"standard","meta":{"_monsterinsights_skip_tracking":false,"_monsterinsights_sitenote_active":false,"_monsterinsights_sitenote_note":"","_monsterinsights_sitenote_category":0,"_uf_show_specific_survey":0,"_uf_disable_surveys":false,"footnotes":""},"categories":[1],"tags":[],"class_list":["post-14947","post","type-post","status-publish","format-standard","has-post-thumbnail","hentry","category-news"],"_links":{"self":[{"href":"https:\/\/agromt.news\/index.php?rest_route=\/wp\/v2\/posts\/14947"}],"collection":[{"href":"https:\/\/agromt.news\/index.php?rest_route=\/wp\/v2\/posts"}],"about":[{"href":"https:\/\/agromt.news\/index.php?rest_route=\/wp\/v2\/types\/post"}],"author":[{"embeddable":true,"href":"https:\/\/agromt.news\/index.php?rest_route=\/wp\/v2\/users\/1"}],"replies":[{"embeddable":true,"href":"https:\/\/agromt.news\/index.php?rest_route=%2Fwp%2Fv2%2Fcomments&post=14947"}],"version-history":[{"count":0,"href":"https:\/\/agromt.news\/index.php?rest_route=\/wp\/v2\/posts\/14947\/revisions"}],"wp:featuredmedia":[{"embeddable":true,"href":"https:\/\/agromt.news\/index.php?rest_route=\/wp\/v2\/media\/5186"}],"wp:attachment":[{"href":"https:\/\/agromt.news\/index.php?rest_route=%2Fwp%2Fv2%2Fmedia&parent=14947"}],"wp:term":[{"taxonomy":"category","embeddable":true,"href":"https:\/\/agromt.news\/index.php?rest_route=%2Fwp%2Fv2%2Fcategories&post=14947"},{"taxonomy":"post_tag","embeddable":true,"href":"https:\/\/agromt.news\/index.php?rest_route=%2Fwp%2Fv2%2Ftags&post=14947"}],"curies":[{"name":"wp","href":"https:\/\/api.w.org\/{rel}","templated":true}]}}