{"id":14936,"date":"2025-06-11T16:05:22","date_gmt":"2025-06-11T20:05:22","guid":{"rendered":"https:\/\/agromt.news\/?p=14936"},"modified":"2025-06-11T16:05:22","modified_gmt":"2025-06-11T20:05:22","slug":"preco-do-cafe-ao-consumidor-teve-alta-de-76-em-tres-anos","status":"publish","type":"post","link":"https:\/\/agromt.news\/?p=14936","title":{"rendered":"Pre\u00e7o do caf\u00e9 ao consumidor teve alta de 76% em tr\u00eas anos"},"content":{"rendered":"<p> <br \/>\n<br \/><img decoding=\"async\" src=\"https:\/\/agromt.news\/wp-content\/uploads\/2024\/09\/metodo-simplificado-da-Embrapa-permite-avaliacao-por-nao-especialistas.jpg\" \/><\/p>\n<div>\n<p>O pre\u00e7o do caf\u00e9 ao consumidor, considerando embalagens de 500g, subriu 76% entre maio de 2022 e o mesmo m\u00eas de 2025, passando, em m\u00e9dia, de R$ 14,20 para R$ 25,01 no per\u00edodo. <\/p>\n<p>Os dados prov\u00e9m do ecossistema de solu\u00e7\u00f5es VR, baseado em compras realizadas por mais de tr\u00eas milh\u00f5es de trabalhadores conectados ao aplicativo da empresa, que recebeu mais de cinco milh\u00f5es de notas fiscais nos tr\u00eas anos analisados.<\/p>\n<p>Ainda de acordo com a pesquisa, o pre\u00e7o da embalagem de 250g, mais econ\u00f4mica, variou 33% no per\u00edodo, subindo de R$ 16,01 para R$ 21,37.<\/p>\n<p>A VR tamb\u00e9m avaliou quanto o consumidor est\u00e1 pagando no caf\u00e9 em c\u00e1psula e sol\u00favel. Entre junho de 2022 e maio de 2025, a vers\u00e3o para m\u00e1quinas acumulou alta de 62%, saltando de R$ 9,65 para R$ 15,66, enquanto a vers\u00e3o sol\u00favel teve varia\u00e7\u00e3o mais discreta, com aumento inferior a 3%, indo de R$ 11,59 para R$ 11,89. <\/p>\n<\/div>\n<div>\n<p>Ao considerar todas as op\u00e7\u00f5es, na m\u00e9dia geral, o pre\u00e7o do caf\u00e9 cresceu 23% nos \u00faltimos tr\u00eas anos, passando de R$ 13,54 para R$ 16,68. Confira a varia\u00e7\u00e3o por categoria:<\/p>\n<ul class=\"wp-block-list\">\n<li><strong>Caf\u00e9 500g:<\/strong> +76,1% (de R$ 14,20 para R$ 25,01)<\/li>\n<li><strong>Caf\u00e9 em c\u00e1psula:<\/strong> +62,3% (de R$ 9,65 para R$ 15,66)<\/li>\n<li><strong>Caf\u00e9 250g:<\/strong> +33,5% (de R$ 16,01 para R$ 21,37)<\/li>\n<li><strong>Caf\u00e9 sol\u00favel:<\/strong> +2,6% (de R$ 11,59 para R$ 11,89)<\/li>\n<li><strong>Pre\u00e7o m\u00e9dio geral:<\/strong> +23,1% (de R$ 13,54 para R$ 16,68)<\/li>\n<\/ul>\n<p>Ainda segundo os dados da VR, o trabalhador manteve o consumo regular do produto, com cerca de duas unidades de caf\u00e9 compradas por m\u00eas, mas adaptou seu comportamento ao buscar op\u00e7\u00f5es mais acess\u00edveis. <\/p>\n<p>\u201cIsso pode indicar uma substitui\u00e7\u00e3o de marcas mais tradicionais por marcas regionais ou com melhor custo-benef\u00edcio, como forma de se adequar ao cen\u00e1rio de alta de pre\u00e7os\u201d, avalia o diretor-executivo de Neg\u00f3cios Pessoa F\u00edsica da VR, Cassio Carvalho.<\/p>\n<\/p><\/div>\n<p><br \/>\n<br \/><a href=\"https:\/\/www.canalrural.com.br\/agricultura\/preco-do-cafe-ao-consumidor-teve-alta-de-76-em-tres-anos\/\">Source link <\/a><\/p>\n","protected":false},"excerpt":{"rendered":"<p>O pre\u00e7o do caf\u00e9 ao consumidor, considerando embalagens de 500g, subriu 76% entre maio de 2022 e o mesmo m\u00eas<\/p>\n","protected":false},"author":1,"featured_media":2478,"comment_status":"open","ping_status":"open","sticky":false,"template":"","format":"standard","meta":{"_monsterinsights_skip_tracking":false,"_monsterinsights_sitenote_active":false,"_monsterinsights_sitenote_note":"","_monsterinsights_sitenote_category":0,"_uf_show_specific_survey":0,"_uf_disable_surveys":false,"footnotes":""},"categories":[1],"tags":[],"class_list":["post-14936","post","type-post","status-publish","format-standard","has-post-thumbnail","hentry","category-news"],"_links":{"self":[{"href":"https:\/\/agromt.news\/index.php?rest_route=\/wp\/v2\/posts\/14936"}],"collection":[{"href":"https:\/\/agromt.news\/index.php?rest_route=\/wp\/v2\/posts"}],"about":[{"href":"https:\/\/agromt.news\/index.php?rest_route=\/wp\/v2\/types\/post"}],"author":[{"embeddable":true,"href":"https:\/\/agromt.news\/index.php?rest_route=\/wp\/v2\/users\/1"}],"replies":[{"embeddable":true,"href":"https:\/\/agromt.news\/index.php?rest_route=%2Fwp%2Fv2%2Fcomments&post=14936"}],"version-history":[{"count":0,"href":"https:\/\/agromt.news\/index.php?rest_route=\/wp\/v2\/posts\/14936\/revisions"}],"wp:featuredmedia":[{"embeddable":true,"href":"https:\/\/agromt.news\/index.php?rest_route=\/wp\/v2\/media\/2478"}],"wp:attachment":[{"href":"https:\/\/agromt.news\/index.php?rest_route=%2Fwp%2Fv2%2Fmedia&parent=14936"}],"wp:term":[{"taxonomy":"category","embeddable":true,"href":"https:\/\/agromt.news\/index.php?rest_route=%2Fwp%2Fv2%2Fcategories&post=14936"},{"taxonomy":"post_tag","embeddable":true,"href":"https:\/\/agromt.news\/index.php?rest_route=%2Fwp%2Fv2%2Ftags&post=14936"}],"curies":[{"name":"wp","href":"https:\/\/api.w.org\/{rel}","templated":true}]}}