{"id":14932,"date":"2025-06-11T15:02:47","date_gmt":"2025-06-11T19:02:47","guid":{"rendered":"https:\/\/agromt.news\/?p=14932"},"modified":"2025-06-11T15:02:47","modified_gmt":"2025-06-11T19:02:47","slug":"e-gente-familia-e-comunidade-diz-produtor-de-soja-sul-mato-grossense","status":"publish","type":"post","link":"https:\/\/agromt.news\/?p=14932","title":{"rendered":"\u00e9 gente, fam\u00edlia e comunidade&#8217;, diz produtor de soja sul-mato-grossense"},"content":{"rendered":"<p> <br \/>\n<br \/><img decoding=\"async\" src=\"https:\/\/agromt.news\/wp-content\/uploads\/2025\/06\/e-gente-familia-e-comunidade-diz-produtor-de-soja-sul-mato-grossense.png\" \/><\/p>\n<div>\n<p>Tudo come\u00e7ou em um armaz\u00e9m, aos 15 anos. Natural de F\u00e1tima do Sul (MS), a trajet\u00f3ria de Maikon Costa deu o pontap\u00e9 inicial em Sorriso, no Mato Grosso, onde iniciou sua carreira no <a href=\"https:\/\/www.canalrural.com.br\/agricultura\/projeto-soja-brasil\/\">setor <\/a>de soja. De l\u00e1 para c\u00e1, construiu uma hist\u00f3ria marcada por esfor\u00e7o, reinven\u00e7\u00e3o e prop\u00f3sito. Hoje, aos 30, \u00e9 engenheiro agr\u00f4nomo, produtor rural, empres\u00e1rio e refer\u00eancia nas redes sociais como educador agro.<\/p>\n<ul class=\"wp-block-list\">\n<li><strong><em>Fique por dentro das novidades e not\u00edcias recentes sobre a soja! Participe da nossa comunidade atrav\u00e9s do\u00a0<a href=\"https:\/\/chat.whatsapp.com\/BmMRwA0TZ2DHGyhzoaVEWu\">link<\/a><\/em><\/strong>!<\/li>\n<\/ul>\n<h2 class=\"wp-block-heading\" id=\"h-de-degrau-em-degrau\">De degrau em degrau <\/h2>\n<p>A hist\u00f3ria de Maikon come\u00e7a como gar\u00e7om em uma pizzaria. Foi nesse ambiente que ele chamou a aten\u00e7\u00e3o de um cliente, que o convidou a trabalhar como balanceiro de caminh\u00e3o em um armaz\u00e9m de gr\u00e3os. A partir desse momento, percorreu todos os setores da empresa at\u00e9 assumir a fun\u00e7\u00e3o de encarregado administrativo.<\/p>\n<p>Seu primeiro grande desafio surgiu quando decidiu migrar para a \u00e1rea comercial. Mesmo sem apoio inicial, Maikon demonstrou seu valor: em apenas tr\u00eas meses como assistente, superou vendedores experientes em volume de vendas. Aos 18 anos, ingressou oficialmente na \u00e1rea comercial de uma multinacional do setor agr\u00edcola.<\/p>\n<h2 class=\"wp-block-heading\" id=\"h-raizes-firmes-e-visao-de-futuro\">Ra\u00edzes firmes e vis\u00e3o de futuro<\/h2>\n<p>Seu mais novo projeto est\u00e1 localizado no estado do Amap\u00e1 e envolve toda a cadeia produtiva, desde o cultivo at\u00e9 a industrializa\u00e7\u00e3o, armazenamento, empacotamento e comercializa\u00e7\u00e3o.<\/p>\n<p>Apesar das conquistas, Maikon ressalta que seu maior orgulho n\u00e3o est\u00e1 nos resultados financeiros, mas na transforma\u00e7\u00e3o de vidas. Ele utiliza sua trajet\u00f3ria como inspira\u00e7\u00e3o para formar uma nova gera\u00e7\u00e3o de profissionais do agroneg\u00f3cio, mais conectados, preparados e humanos.<\/p>\n<\/div>\n<div>\n<h2 class=\"wp-block-heading\" id=\"h-educacao-como-missao-do-produtor\">Educa\u00e7\u00e3o como miss\u00e3o do produtor <\/h2>\n<p>Com presen\u00e7a ativa nas redes sociais, Maikon se destaca por sua linguagem acess\u00edvel e pr\u00e1tica. Compartilha aprendizados, estrat\u00e9gias de vendas, t\u00e9cnicas agron\u00f4micas e mensagens motivacionais. Seu lema \u00e9 direto: \u201cO agro \u00e9 uma ponte para transformar vidas.\u201d<\/p>\n<p>Para ele, o setor agropecu\u00e1rio precisa de mais do que conhecimento t\u00e9cnico. \u201cN\u00e3o adianta saber tudo de adubo se voc\u00ea n\u00e3o souber conversar com o produtor. N\u00e3o adianta ter a melhor lavoura se voc\u00ea n\u00e3o sabe vender\u201d, afirma.<\/p>\n<h2 class=\"wp-block-heading\" id=\"h-muito-alem-das-lavouras-de-soja\">Muito al\u00e9m das lavouras de soja<\/h2>\n<p>Defensor de um agro mais eficiente e sustent\u00e1vel, Maikon incentiva o uso de tecnologia de precis\u00e3o, bioinsumos, gest\u00e3o por dados e solu\u00e7\u00f5es digitais. Mas destaca que o mais importante ainda s\u00e3o as pessoas.<\/p>\n<p>\u201cO agro n\u00e3o \u00e9 s\u00f3 lavoura. \u00c9 gente, \u00e9 fam\u00edlia e comunidade\u201d, costuma dizer. Ele acredita que a internet democratizou o acesso ao conhecimento e ao mercado: \u201cVoc\u00ea pode estar no interior do Amap\u00e1 e ainda assim se conectar com o mundo, aprender, vender, crescer. Foi assim que eu fiz, e \u00e9 isso que eu ensino.\u201d<\/p>\n<h2 class=\"wp-block-heading\" id=\"h-onde-voce-quer-chegar-como-produtor-rural\">Onde voc\u00ea quer chegar como produtor rural?<\/h2>\n<p>Maikon encerra suas palestras e publica\u00e7\u00f5es sempre com uma mensagem de esperan\u00e7a e a\u00e7\u00e3o. \u201cSe voc\u00ea \u00e9 do agro, n\u00e3o importa onde come\u00e7ou. Importa onde quer chegar. E com trabalho, f\u00e9 e estrat\u00e9gia, o campo abre as portas. Sempre abriu para mim, agora quero ajudar a abrir para outros.<\/p>\n<\/p><\/div>\n<p><br \/>\n<br \/><a href=\"https:\/\/www.canalrural.com.br\/agricultura\/projeto-soja-brasil\/o-agro-nao-e-apenas-lavoura-e-gente-familia-e-comunidade-diz-produtor-de-soja-sul-mato-grossense\/\">Source link <\/a><\/p>\n","protected":false},"excerpt":{"rendered":"<p>Tudo come\u00e7ou em um armaz\u00e9m, aos 15 anos. Natural de F\u00e1tima do Sul (MS), a trajet\u00f3ria de Maikon Costa deu<\/p>\n","protected":false},"author":1,"featured_media":14933,"comment_status":"open","ping_status":"open","sticky":false,"template":"","format":"standard","meta":{"_monsterinsights_skip_tracking":false,"_monsterinsights_sitenote_active":false,"_monsterinsights_sitenote_note":"","_monsterinsights_sitenote_category":0,"_uf_show_specific_survey":0,"_uf_disable_surveys":false,"footnotes":""},"categories":[1],"tags":[],"class_list":["post-14932","post","type-post","status-publish","format-standard","has-post-thumbnail","hentry","category-news"],"_links":{"self":[{"href":"https:\/\/agromt.news\/index.php?rest_route=\/wp\/v2\/posts\/14932"}],"collection":[{"href":"https:\/\/agromt.news\/index.php?rest_route=\/wp\/v2\/posts"}],"about":[{"href":"https:\/\/agromt.news\/index.php?rest_route=\/wp\/v2\/types\/post"}],"author":[{"embeddable":true,"href":"https:\/\/agromt.news\/index.php?rest_route=\/wp\/v2\/users\/1"}],"replies":[{"embeddable":true,"href":"https:\/\/agromt.news\/index.php?rest_route=%2Fwp%2Fv2%2Fcomments&post=14932"}],"version-history":[{"count":0,"href":"https:\/\/agromt.news\/index.php?rest_route=\/wp\/v2\/posts\/14932\/revisions"}],"wp:featuredmedia":[{"embeddable":true,"href":"https:\/\/agromt.news\/index.php?rest_route=\/wp\/v2\/media\/14933"}],"wp:attachment":[{"href":"https:\/\/agromt.news\/index.php?rest_route=%2Fwp%2Fv2%2Fmedia&parent=14932"}],"wp:term":[{"taxonomy":"category","embeddable":true,"href":"https:\/\/agromt.news\/index.php?rest_route=%2Fwp%2Fv2%2Fcategories&post=14932"},{"taxonomy":"post_tag","embeddable":true,"href":"https:\/\/agromt.news\/index.php?rest_route=%2Fwp%2Fv2%2Ftags&post=14932"}],"curies":[{"name":"wp","href":"https:\/\/api.w.org\/{rel}","templated":true}]}}