{"id":14930,"date":"2025-06-11T14:47:25","date_gmt":"2025-06-11T18:47:25","guid":{"rendered":"https:\/\/agromt.news\/?p=14930"},"modified":"2025-06-11T14:47:25","modified_gmt":"2025-06-11T18:47:25","slug":"fim-de-isencao-a-titulos-privados-nao-prejudicara-produtor-diz-haddad","status":"publish","type":"post","link":"https:\/\/agromt.news\/?p=14930","title":{"rendered":"Fim de isen\u00e7\u00e3o a t\u00edtulos privados n\u00e3o prejudicar\u00e1 produtor, diz Haddad"},"content":{"rendered":"<p> <br \/>\n<br \/><img decoding=\"async\" src=\"https:\/\/agromt.news\/wp-content\/uploads\/2025\/06\/Fim-de-isencao-a-titulos-privados-nao-prejudicara-produtor-diz.jpg\" \/><\/p>\n<div>\n<p>O fim da isen\u00e7\u00e3o de Imposto de Renda a t\u00edtulos privados e a determinados fundos n\u00e3o prejudicar\u00e1 o produtor, disse nesta quarta-feira (11) o ministro da Fazenda, Fernando Haddad.<\/p>\n<p>Em audi\u00eancia conjunta das Comiss\u00f5es de Finan\u00e7as e Tributa\u00e7\u00e3o e de Fiscaliza\u00e7\u00e3o Financeira da C\u00e2mara dos Deputados, o ministro afirmou que a medida, que integra o <strong><a href=\"https:\/\/www.canalrural.com.br\/economia\/governo-decide-substituir-decreto-que-aumentou-iof\/\">pacote para compensar a alta no Imposto sobre Opera\u00e7\u00f5es Financeiras (IOF)<\/a><\/strong>, corrigir\u00e1 distor\u00e7\u00f5es no mercado financeiro.<\/p>\n<p>\u201cQuando a gente fala de reduzir um pouco o benef\u00edcio fiscal de t\u00edtulo isento \u00e9 porque estamos com uma Selic de quase 15% ao ano. Nem o Tesouro Nacional est\u00e1 conseguindo concorrer com esses t\u00edtulos privados. Isso n\u00e3o \u00e9 demonizar a constru\u00e7\u00e3o civil. Talvez esse governo seja o maior amigo da constru\u00e7\u00e3o civil. Metade da constru\u00e7\u00e3o civil depende do Minha Casa, Minha Vida, que tinha acabado [no governo anterior]\u201d, declarou o ministro.<\/p>\n<p>Conforme a medida provis\u00f3ria que deve ser publicada ainda esta semana, a isen\u00e7\u00e3o de Imposto de Renda (IR) sobre as Letras de Cr\u00e9dito Imobili\u00e1rio (LCI), Letras de Cr\u00e9dito ao Agroneg\u00f3cio (LCA), fundos imobili\u00e1rios e Fundos de Investimento nas Cadeias Produtivas Agroindustriais (Fiagro) deixar\u00e1 de existir a partir de 2026. Pela proposta, esses investimentos pagar\u00e3o <strong>5%<\/strong> de Imposto de Renda (IR).<\/p>\n<p>Haddad ressaltou que a maior parte dos benef\u00edcios da isen\u00e7\u00e3o do IR n\u00e3o fica com os produtores.<\/p>\n<p>\u201cEsses benef\u00edcios fiscais n\u00e3o v\u00e3o para o produtor, 60% a 70% ficam no meio do caminho, com o detentor do t\u00edtulo ou o sistema banc\u00e1rio. N\u00e3o fica com o produtor. A gente est\u00e1 vendo essas distor\u00e7\u00f5es e procurando corrigir\u201d, disse o ministro.<\/p>\n<\/div>\n<div>\n<p>Haddad negou que a corre\u00e7\u00e3o de distor\u00e7\u00f5es signifique alta de imposto. \u201cIsso n\u00e3o \u00e9 aumento de tributo. \u00c9 corre\u00e7\u00e3o de distor\u00e7\u00e3o. S\u00e3o R$ 41 bilh\u00f5es de ren\u00fancia fiscal nos t\u00edtulos isentos. \u00c9 mais que o seguro desemprego inteiro. S\u00e3o tr\u00eas [programas] Farm\u00e1cia Popular. Do que estamos falando? \u00c9 do tamanho do PAC [Programa de Acelera\u00e7\u00e3o do Crescimento]\u201d, declarou.<\/p>\n<h2 class=\"wp-block-heading\" id=\"h-agro-nao-sera-prejudicado\">\u201cAgro n\u00e3o ser\u00e1 prejudicado\u201d<\/h2>\n<p>Haddad tamb\u00e9m negou que o agroneg\u00f3cio ser\u00e1 prejudicado e ressaltou que o atual governo beneficia o setor com R$ 158 bilh\u00f5es de ren\u00fancias fiscais e com Planos Safras recorde.<\/p>\n<p>\u201cNo caso do agro, o governo est\u00e1 prejudicando? N\u00f3s fizemos o maior Plano Safra do Brasil pelo segundo ano consecutivo. E a ren\u00fancia fiscal do agro \u00e9 de R$ 158 bilh\u00f5es. Vamos negar que estamos patrocinando o agro brasileiro? Sou orgulhoso da agricultura brasileira\u201d, declarou.<\/p>\n<h2 class=\"wp-block-heading\" id=\"h-impacto-sobre-os-mais-ricos\">Impacto sobre os mais ricos<\/h2>\n<p>Assim como na reforma do Imposto de Renda em tramita\u00e7\u00e3o no Congresso, Haddad ressaltou que as medidas para compensar a alta do IOF se concentrar\u00e3o nos mais ricos e atingir\u00e3o uma parcela \u00ednfima da popula\u00e7\u00e3o. <\/p>\n<p>Segundo o ministro, a aprova\u00e7\u00e3o do pacote ajudar\u00e1 a cumprir as metas do arcabou\u00e7o fiscal, trazendo mais crescimento no m\u00e9dio prazo.<\/p>\n<p>\u201cS\u00f3 0,8% da popula\u00e7\u00e3o est\u00e1 afetada por todas as medidas de equil\u00edbrio fiscal e redu\u00e7\u00e3o da ren\u00fancia tribut\u00e1ria. Em benef\u00edcio do qu\u00ea? Mais crescimento, menos taxa de juros, mais emprego, mais igualdade. Isso vai permitir mais espa\u00e7o para investimento\u201d, declarou.<\/p>\n<\/p><\/div>\n<p><br \/>\n<br \/><a href=\"https:\/\/www.canalrural.com.br\/agricultura\/agronegocio\/fim-de-isencao-a-titulos-privados-nao-prejudicara-produtor-diz-haddad\/\">Source link <\/a><\/p>\n","protected":false},"excerpt":{"rendered":"<p>O fim da isen\u00e7\u00e3o de Imposto de Renda a t\u00edtulos privados e a determinados fundos n\u00e3o prejudicar\u00e1 o produtor, disse<\/p>\n","protected":false},"author":1,"featured_media":14931,"comment_status":"open","ping_status":"open","sticky":false,"template":"","format":"standard","meta":{"_monsterinsights_skip_tracking":false,"_monsterinsights_sitenote_active":false,"_monsterinsights_sitenote_note":"","_monsterinsights_sitenote_category":0,"_uf_show_specific_survey":0,"_uf_disable_surveys":false,"footnotes":""},"categories":[1],"tags":[],"class_list":["post-14930","post","type-post","status-publish","format-standard","has-post-thumbnail","hentry","category-news"],"_links":{"self":[{"href":"https:\/\/agromt.news\/index.php?rest_route=\/wp\/v2\/posts\/14930"}],"collection":[{"href":"https:\/\/agromt.news\/index.php?rest_route=\/wp\/v2\/posts"}],"about":[{"href":"https:\/\/agromt.news\/index.php?rest_route=\/wp\/v2\/types\/post"}],"author":[{"embeddable":true,"href":"https:\/\/agromt.news\/index.php?rest_route=\/wp\/v2\/users\/1"}],"replies":[{"embeddable":true,"href":"https:\/\/agromt.news\/index.php?rest_route=%2Fwp%2Fv2%2Fcomments&post=14930"}],"version-history":[{"count":0,"href":"https:\/\/agromt.news\/index.php?rest_route=\/wp\/v2\/posts\/14930\/revisions"}],"wp:featuredmedia":[{"embeddable":true,"href":"https:\/\/agromt.news\/index.php?rest_route=\/wp\/v2\/media\/14931"}],"wp:attachment":[{"href":"https:\/\/agromt.news\/index.php?rest_route=%2Fwp%2Fv2%2Fmedia&parent=14930"}],"wp:term":[{"taxonomy":"category","embeddable":true,"href":"https:\/\/agromt.news\/index.php?rest_route=%2Fwp%2Fv2%2Fcategories&post=14930"},{"taxonomy":"post_tag","embeddable":true,"href":"https:\/\/agromt.news\/index.php?rest_route=%2Fwp%2Fv2%2Ftags&post=14930"}],"curies":[{"name":"wp","href":"https:\/\/api.w.org\/{rel}","templated":true}]}}