{"id":1493,"date":"2024-09-12T17:27:46","date_gmt":"2024-09-12T21:27:46","guid":{"rendered":"https:\/\/agromt.news\/?p=1493"},"modified":"2024-09-12T17:27:46","modified_gmt":"2024-09-12T21:27:46","slug":"produtores-afetados-por-incendios-poderao-captar-recursos-do-renovagro","status":"publish","type":"post","link":"https:\/\/agromt.news\/?p=1493","title":{"rendered":"produtores afetados por inc\u00eandios poder\u00e3o captar recursos do Renovagro"},"content":{"rendered":"<p> <br \/>\n<br \/><img decoding=\"async\" src=\"https:\/\/agromt.news\/wp-content\/uploads\/2024\/09\/produtores-afetados-por-incendios-poderao-captar-recursos-do-Renovagro.jpeg\" \/><\/p>\n<div>\n<p>Produtores rurais afetados pelos inc\u00eandios dos \u00faltimos dias poder\u00e3o captar recursos para a recupera\u00e7\u00e3o de \u00e1reas degradadas de pastagens e lavouras, por meio do Renovagro. A informa\u00e7\u00e3o \u00e9 do ministro da Agricultura e Pecu\u00e1ria (Mapa), Carlos F\u00e1varo.<\/p>\n<p>Conforme F\u00e1varo, com exclusividade ao <strong><a href=\"https:\/\/www.canalrural.com.br\/\">Canal Rural<\/a><\/strong>, o presidente Lu\u00eds In\u00e1cio Lula da Silva solicitou \u00e0 pasta medidas que pudessem ajudar os produtores a reconstru\u00edrem suas \u00e1reas.<\/p>\n<p>\u201c[\u00c9] um acalento a esses produtores que est\u00e3o sofrendo por todo o Brasil com esses inc\u00eandios, muitos deles criminosos, mas que est\u00e3o destruindo solos, equipamentos\u201d.<\/p>\n<\/div>\n<div>\n<p>Os recursos para a recupera\u00e7\u00e3o do solo diante de inc\u00eandios ser\u00e3o oriundos do Renovagro, programa que faz parte do Plano Safra, e que j\u00e1 vem sendo utilizado para a recupera\u00e7\u00e3o de pastagens de \u00e1reas degradadas. A linha permite que o produtor capte at\u00e9 <strong>R$ 5 milh\u00f5es por ano.<\/strong><\/p>\n<blockquote class=\"wp-block-quote is-layout-flow wp-block-quote-is-layout-flow\">\n<p>\u201cN\u00f3s vamos autorizar a partir de agora o acesso desses produtores a essa linha de cr\u00e9dito com dois anos de car\u00eancia, dez anos para pagar com taxa de juros de 7% ao ano, para que eles possam refazer esse solo e voltar a produzir\u201d.<\/p>\n<\/blockquote>\n<h2 class=\"wp-block-heading\" id=\"h-como-funcionara\">Como funcionar\u00e1<\/h2>\n<p>O secret\u00e1rio de Pol\u00edticas Agr\u00edcolas, Guilherme Campos, explica que os recursos ser\u00e3o destinados n\u00e3o somente para a recupera\u00e7\u00e3o de canaviais, mas tamb\u00e9m para \u00e1reas frut\u00edferas, de pastagens, caf\u00e9 e at\u00e9 mesmo seringueiras.<\/p>\n<p>Para ter acesso aos recursos, os produtores afetados pelos inc\u00eandios precisar\u00e3o apresentar imagens da \u00e1rea afetada pelo fogo, salienta Campos. Al\u00e9m disso, s\u00e3o necess\u00e1rias <strong>imagens de sat\u00e9lite do antes e depois do local e um termo circunstanciado<\/strong>, ao qual o produtor tira de si a responsabilidade de ser incriminado por um crime ambiental.<\/p>\n<h2 class=\"wp-block-heading\" id=\"h-o-que-o-produtor-podera-financiar\">O que o produtor poder\u00e1 financiar<\/h2>\n<p>O secret\u00e1rio-adjunto de Pol\u00edticas Agr\u00edcolas, Wilson Vaz, destaca que a rapidez na aprova\u00e7\u00e3o da linha de cr\u00e9dito para os produtores afetados pelos inc\u00eandios se deu por j\u00e1 haver dentro do Plano Safra uma linha com o foco na recupera\u00e7\u00e3o de \u00e1reas degradadas. Ele frisa que a linha n\u00e3o reembolsa m\u00e1quinas.<\/p>\n<p>\u201cCom essa linha do Renovagro, o produtor pode financiar a recupera\u00e7\u00e3o de \u00e1reas degradadas, seja de pastagem ou lavoura. Lembrando que vem mais recursos para essa \u00e1rea de renova\u00e7\u00e3o e recupera\u00e7\u00e3o de \u00e1reas de pastagens degradadas. N\u00f3s n\u00e3o poder\u00edamos deixar o produtor para tr\u00e1s e n\u00e3o garantir que a partir desse recurso ele possa voltar normalmente a produzir e que tenhamos impacto na produ\u00e7\u00e3o nacional tanto de alimentos quanto de combust\u00edveis\u201d, refor\u00e7a o secret\u00e1rio de Pol\u00edticas Agr\u00edcolas.<\/p>\n<p>De acordo com o secret\u00e1rio-adjunto de Pol\u00edticas Agr\u00edcolas, Wilson Vaz, dos<strong> R$ 7,6 bilh\u00f5es <\/strong>destinados para o Renovagro, no rec\u00e9m lan\u00e7ado Plano Safra, at\u00e9 o momento apenas<strong> R$ 1,2 bilh\u00e3o foram demandados.<\/strong><\/p>\n<\/div>\n<p><br \/>\n<br \/><a href=\"https:\/\/www.canalrural.com.br\/economia\/exclusivo-produtores-afetados-por-incendios-poderao-captar-recursos-do-renovagro\/\">Source link <\/a><\/p>\n","protected":false},"excerpt":{"rendered":"<p>Produtores rurais afetados pelos inc\u00eandios dos \u00faltimos dias poder\u00e3o captar recursos para a recupera\u00e7\u00e3o de \u00e1reas degradadas de pastagens e<\/p>\n","protected":false},"author":1,"featured_media":1494,"comment_status":"open","ping_status":"open","sticky":false,"template":"","format":"standard","meta":{"_monsterinsights_skip_tracking":false,"_monsterinsights_sitenote_active":false,"_monsterinsights_sitenote_note":"","_monsterinsights_sitenote_category":0,"_uf_show_specific_survey":0,"_uf_disable_surveys":false,"footnotes":""},"categories":[1],"tags":[],"class_list":["post-1493","post","type-post","status-publish","format-standard","has-post-thumbnail","hentry","category-news"],"_links":{"self":[{"href":"https:\/\/agromt.news\/index.php?rest_route=\/wp\/v2\/posts\/1493"}],"collection":[{"href":"https:\/\/agromt.news\/index.php?rest_route=\/wp\/v2\/posts"}],"about":[{"href":"https:\/\/agromt.news\/index.php?rest_route=\/wp\/v2\/types\/post"}],"author":[{"embeddable":true,"href":"https:\/\/agromt.news\/index.php?rest_route=\/wp\/v2\/users\/1"}],"replies":[{"embeddable":true,"href":"https:\/\/agromt.news\/index.php?rest_route=%2Fwp%2Fv2%2Fcomments&post=1493"}],"version-history":[{"count":0,"href":"https:\/\/agromt.news\/index.php?rest_route=\/wp\/v2\/posts\/1493\/revisions"}],"wp:featuredmedia":[{"embeddable":true,"href":"https:\/\/agromt.news\/index.php?rest_route=\/wp\/v2\/media\/1494"}],"wp:attachment":[{"href":"https:\/\/agromt.news\/index.php?rest_route=%2Fwp%2Fv2%2Fmedia&parent=1493"}],"wp:term":[{"taxonomy":"category","embeddable":true,"href":"https:\/\/agromt.news\/index.php?rest_route=%2Fwp%2Fv2%2Fcategories&post=1493"},{"taxonomy":"post_tag","embeddable":true,"href":"https:\/\/agromt.news\/index.php?rest_route=%2Fwp%2Fv2%2Ftags&post=1493"}],"curies":[{"name":"wp","href":"https:\/\/api.w.org\/{rel}","templated":true}]}}