{"id":14929,"date":"2025-06-11T14:44:49","date_gmt":"2025-06-11T18:44:49","guid":{"rendered":"https:\/\/agromt.news\/?p=14929"},"modified":"2025-06-11T14:44:49","modified_gmt":"2025-06-11T18:44:49","slug":"governo-eleva-carga-tributaria-sem-cortar-gastos","status":"publish","type":"post","link":"https:\/\/agromt.news\/?p=14929","title":{"rendered":"governo eleva carga tribut\u00e1ria sem cortar gastos"},"content":{"rendered":"<p> <br \/>\n<\/p>\n<div>\n<p style=\"text-align:justify\">O recuo do governo sobre o aumento abrupto das al\u00edquotas do IOF, anunciado como resposta \u00e0 forte rea\u00e7\u00e3o pol\u00edtica e institucional, n\u00e3o foi suficiente para acalmar tributaristas e o mercado. A nova Medida Provis\u00f3ria, que substitui o decreto inicial, mant\u00e9m o foco em ampliar a arrecada\u00e7\u00e3o \u2014 agora com a taxa\u00e7\u00e3o de apostas eletr\u00f4nicas (bets), fim das isen\u00e7\u00f5es para LCI e LCA, prov\u00e1veis restri\u00e7\u00f5es ao uso dos Juros sobre Capital Pr\u00f3prio (JCP) e mudan\u00e7as na tributa\u00e7\u00e3o das fintechs.&#13;\n<\/p>\n<p style=\"text-align:justify\">Para o advogado Lu\u00eds Garcia, s\u00f3cio do Tax Group e do MLD Advogados Associados, a estrat\u00e9gia revela um cen\u00e1rio preocupante. \u201cOs sucessivos e repentinos aumentos de tributos, sem nenhum sinal concreto de redu\u00e7\u00e3o de gastos, apontam para um futuro com queda de investimentos, que pode gerar desemprego, infla\u00e7\u00e3o e desacelera\u00e7\u00e3o do consumo. Muito embora sejam de conhecimento geral os efeitos danosos da combina\u00e7\u00e3o de juros altos e carga tribut\u00e1ria elevada, o governo parece n\u00e3o se dar conta disso.\u201d<\/p>\n<p style=\"text-align:justify\">Garcia tamb\u00e9m alerta para uma das frentes menos discutidas do pacote: a inten\u00e7\u00e3o de aproximar a tributa\u00e7\u00e3o das fintechs \u00e0 das institui\u00e7\u00f5es financeiras tradicionais, como os bancos. \u201cHoje, as fintechs, por operarem com limites menores de faturamento, podem optar pelo regime do Lucro Presumido, enquanto os bancos est\u00e3o submetidos ao Lucro Real. A principal diferen\u00e7a est\u00e1 na al\u00edquota da CSLL: 9% para fintechs, contra 20% para bancos. O governo quer igualar esse percentual, o que pode inviabilizar parte do modelo de neg\u00f3cio dessas empresas\u201d, explica.<\/p>\n<p style=\"text-align:justify\">\u201cAs fintechs exercem papel fundamental na democratiza\u00e7\u00e3o dos servi\u00e7os financeiros, que dever\u00e3o ficar mais caros. Mais preocupante ainda \u00e9 o poss\u00edvel aumento no custo do cr\u00e9dito, o que traz entraves \u00e0 economia, reduz investimento e consumo e penaliza diretamente o consumidor.\u201d&#13;\n<\/p>\n<p style=\"text-align:justify\">Na avalia\u00e7\u00e3o da advogada Livia Heringer, do escrit\u00f3rio Ambiel Belfiore Gomes Hanna Advogados, o uso pol\u00edtico do IOF desvirtua o papel t\u00e9cnico do tributo e compromete a previsibilidade regulat\u00f3ria: \u201cA recorrente utiliza\u00e7\u00e3o do IOF como instrumento de ajuste fiscal evidencia a fragilidade da estrat\u00e9gia econ\u00f4mica adotada. O imposto, que tem natureza regulat\u00f3ria e deveria cumprir fun\u00e7\u00e3o espec\u00edfica, est\u00e1 sendo manejado com vi\u00e9s arrecadat\u00f3rio, sem a devida transpar\u00eancia e sem di\u00e1logo com o setor produtivo. Isso compromete a seguran\u00e7a jur\u00eddica e desestimula o investimento privado.\u201d<\/p>\n<p style=\"text-align:justify\">O tributarista Eduardo Natal, s\u00f3cio do Natal &amp; Manssur Advogados e presidente do Comit\u00ea de Transa\u00e7\u00e3o Tribut\u00e1ria da ABAT, tamb\u00e9m critica a condu\u00e7\u00e3o do tema: \u201cVemos a repeti\u00e7\u00e3o da estrat\u00e9gia do \u2018bode na sala\u2019: cria-se um impacto abrupto para depois suavizar a proposta original, mantendo o aumento de carga tribut\u00e1ria como plano vi\u00e1vel.\u201d<\/p>\n<p style=\"text-align:justify\">\u201cTrata-se, mais uma vez, de uma reconfigura\u00e7\u00e3o unilateral da carga tribut\u00e1ria, que escancara a prioridade arrecadat\u00f3ria da atual pol\u00edtica econ\u00f4mica. Ao inv\u00e9s de uma plataforma estruturada de revis\u00e3o de gastos p\u00fablicos, a solu\u00e7\u00e3o recai invariavelmente sobre o aumento de tributos. Isso afasta a previsibilidade necess\u00e1ria ao ambiente econ\u00f4mico.\u201d&#13;\n<\/p>\n<p style=\"text-align:justify\"><strong>O novo pacote prev\u00ea:<\/strong><\/p>\n<ul>&#13;<\/p>\n<li style=\"text-align: justify;\">Redu\u00e7\u00e3o das al\u00edquotas de IOF inicialmente propostas;<\/li>\n<p>&#13;<\/p>\n<li style=\"text-align: justify;\">Eleva\u00e7\u00e3o da tributa\u00e7\u00e3o sobre apostas eletr\u00f4nicas (bets), com al\u00edquota de 18% sobre a receita l\u00edquida (GGR);<\/li>\n<p>&#13;<\/p>\n<li style=\"text-align: justify;\">Fim da isen\u00e7\u00e3o para LCIs e LCAs, agora com tributa\u00e7\u00e3o de 5%;<\/li>\n<p>&#13;<\/p>\n<li style=\"text-align: justify;\">Poss\u00edvel limita\u00e7\u00e3o no uso de JCPs pelas empresas;<\/li>\n<p>&#13;<\/p>\n<li style=\"text-align: justify;\">Aumento da CSLL para fintechs, aproximando da al\u00edquota aplicada a bancos (de 9% para at\u00e9 20%).<\/li>\n<p>&#13;<\/p>\n<li style=\"text-align: justify;\">Para os especialistas, a escolha do governo por elevar tributos agora e adiar medidas estruturantes \u2014 como a revis\u00e3o dos chamados \u201cgastos tribut\u00e1rios\u201d \u2014 refor\u00e7a a l\u00f3gica de curto prazo, minando a credibilidade da pol\u00edtica fiscal e impactando negativamente o ambiente de neg\u00f3cios.<\/li>\n<p>&#13;\n<\/ul>\n<\/p><\/div>\n<p><script data-cfasync=\"false\">\n    !function (f, b, e, v, n, t, s) {\n        if (f.fbq) return; n = f.fbq = function () {\n            n.callMethod ?\n                n.callMethod.apply(n, arguments) : n.queue.push(arguments)\n        };\n        if (!f._fbq) f._fbq = n; n.push = n; n.loaded = !0; n.version = '2.0';\n        n.queue = []; t = b.createElement(e); t.async = !0;\n        t.src = v; s = b.getElementsByTagName(e)[0];\n        s.parentNode.insertBefore(t, s)\n    }(window, document, 'script',\n        'https:\/\/connect.facebook.net\/en_US\/fbevents.js');\n    fbq('init', '522546078623747');\n    fbq('track', 'PageView');\n<\/script><br \/>\n<br \/><br \/>\n<br \/><a href=\"https:\/\/www.agrolink.com.br\/noticias\/iof--governo-eleva-carga-tributaria-sem-cortar-gastos_502784.html\">Source link <\/a><\/p>\n","protected":false},"excerpt":{"rendered":"<p>O recuo do governo sobre o aumento abrupto das al\u00edquotas do IOF, anunciado como resposta \u00e0 forte rea\u00e7\u00e3o pol\u00edtica e<\/p>\n","protected":false},"author":1,"featured_media":4718,"comment_status":"open","ping_status":"open","sticky":false,"template":"","format":"standard","meta":{"_monsterinsights_skip_tracking":false,"_monsterinsights_sitenote_active":false,"_monsterinsights_sitenote_note":"","_monsterinsights_sitenote_category":0,"_uf_show_specific_survey":0,"_uf_disable_surveys":false,"footnotes":""},"categories":[8,1,14],"tags":[],"class_list":["post-14929","post","type-post","status-publish","format-standard","has-post-thumbnail","hentry","category-agro","category-news","category-politica-agro"],"_links":{"self":[{"href":"https:\/\/agromt.news\/index.php?rest_route=\/wp\/v2\/posts\/14929"}],"collection":[{"href":"https:\/\/agromt.news\/index.php?rest_route=\/wp\/v2\/posts"}],"about":[{"href":"https:\/\/agromt.news\/index.php?rest_route=\/wp\/v2\/types\/post"}],"author":[{"embeddable":true,"href":"https:\/\/agromt.news\/index.php?rest_route=\/wp\/v2\/users\/1"}],"replies":[{"embeddable":true,"href":"https:\/\/agromt.news\/index.php?rest_route=%2Fwp%2Fv2%2Fcomments&post=14929"}],"version-history":[{"count":0,"href":"https:\/\/agromt.news\/index.php?rest_route=\/wp\/v2\/posts\/14929\/revisions"}],"wp:featuredmedia":[{"embeddable":true,"href":"https:\/\/agromt.news\/index.php?rest_route=\/wp\/v2\/media\/4718"}],"wp:attachment":[{"href":"https:\/\/agromt.news\/index.php?rest_route=%2Fwp%2Fv2%2Fmedia&parent=14929"}],"wp:term":[{"taxonomy":"category","embeddable":true,"href":"https:\/\/agromt.news\/index.php?rest_route=%2Fwp%2Fv2%2Fcategories&post=14929"},{"taxonomy":"post_tag","embeddable":true,"href":"https:\/\/agromt.news\/index.php?rest_route=%2Fwp%2Fv2%2Ftags&post=14929"}],"curies":[{"name":"wp","href":"https:\/\/api.w.org\/{rel}","templated":true}]}}