{"id":14925,"date":"2025-06-11T12:13:25","date_gmt":"2025-06-11T16:13:25","guid":{"rendered":"https:\/\/agromt.news\/?p=14925"},"modified":"2025-06-11T12:13:25","modified_gmt":"2025-06-11T16:13:25","slug":"ameaca-a-terra-produtores-de-mt-podem-perder-suas-propriedades-em-faixa-de-fronteira","status":"publish","type":"post","link":"https:\/\/agromt.news\/?p=14925","title":{"rendered":"Amea\u00e7a \u00e0 terra: produtores de MT podem perder suas propriedades em faixa de fronteira"},"content":{"rendered":"<p> <br \/>\n<br \/><img decoding=\"async\" src=\"https:\/\/agromt.news\/wp-content\/uploads\/2025\/06\/Ameaca-a-terra-produtores-de-MT-podem-perder-suas-propriedades.jpg\" \/><\/p>\n<div>\n<p>A seguran\u00e7a jur\u00eddica dos produtores rurais que vivem em \u00e1reas pr\u00f3ximas \u00e0 fronteira depende da aprova\u00e7\u00e3o do Projeto de Lei n\u00ba. 4.497, de 2024, que est\u00e1 em tramita\u00e7\u00e3o no Congresso. A proposta prev\u00ea a amplia\u00e7\u00e3o do prazo e a defini\u00e7\u00e3o de regras claras para que produtores de soja e outras <a href=\"https:\/\/www.canalrural.com.br\/agricultura\/projeto-soja-brasil\/\">culturas <\/a>possam regularizar os registros das terras p\u00fablicas localizadas na faixa de fronteira, regi\u00e3o de at\u00e9 150 quil\u00f4metros das divisas do Brasil com pa\u00edses vizinhos, como a Bol\u00edvia, em Mato Grosso. <\/p>\n<p>Por isso, a Associa\u00e7\u00e3o dos Produtores de Soja e Milho de Mato Grosso (<a href=\"https:\/\/aprosoja.com.br\/\">Aprosoja MT<\/a>) apoia o projeto e defende sua aprova\u00e7\u00e3o com urg\u00eancia para evitar que agricultores que vivem nessas \u00e1reas h\u00e1 d\u00e9cadas sejam tratados como posseiros e percam o direito \u00e0s suas propriedades.<\/p>\n<ul class=\"wp-block-list\">\n<li><strong><em>Fique por dentro das novidades e not\u00edcias recentes sobre a soja! Participe da nossa comunidade atrav\u00e9s do\u00a0<a href=\"https:\/\/chat.whatsapp.com\/BmMRwA0TZ2DHGyhzoaVEWu\">link<\/a><\/em><\/strong>!<\/li>\n<\/ul>\n<p>Segundo a Lei 13.178, de 2015, os im\u00f3veis rurais situados em \u00e1reas de fronteira devem ter seus registros confirmados at\u00e9 outubro de 2025. Caso isso n\u00e3o ocorra, as terras poder\u00e3o ser incorporadas ao patrim\u00f4nio da Uni\u00e3o e os propriet\u00e1rios poder\u00e3o ser considerados apenas ocupantes, sem direito a indeniza\u00e7\u00e3o em caso de desapropria\u00e7\u00e3o.<\/p>\n<\/div>\n<div>\n<p>Em Mato Grosso, muitos desses t\u00edtulos foram emitidos pelo antigo Departamento de Terras e Coloniza\u00e7\u00e3o, atualmente Instituto de Terras de Mato Grosso (Intermat), sem a aprova\u00e7\u00e3o das autoridades federais competentes. Isso gera inseguran\u00e7a para os produtores, pois muitos possuem suas propriedades h\u00e1 mais de 30 ou 40 anos e correm o risco de perder o direito legal sobre elas.<\/p>\n<p>Diego Bertuol, diretor administrativo da Aprosoja MT, destaca que o apoio ao projeto busca garantir mais tempo para que os produtores regularizem seus im\u00f3veis, assegurando-lhes seguran\u00e7a jur\u00eddica. Sem essa prorroga\u00e7\u00e3o, muitos podem ser tratados como simples posseiros.<\/p>\n<p>O presidente da Aprosoja MT, Lucas Costa Beber, refor\u00e7a a urg\u00eancia da aprova\u00e7\u00e3o, pois muitos im\u00f3veis em faixa de fronteira ainda precisam atender a exig\u00eancias legais federais e o prazo atual \u00e9 insuficiente. O vice-presidente Luiz Pedro Bier ressalta o papel fundamental da entidade no debate e a preocupa\u00e7\u00e3o com o curto prazo para o cadastramento das propriedades.<\/p>\n<p>No Brasil, a faixa de fronteiras engloba 588 munic\u00edpios, dos quais 28 est\u00e3o parcial ou totalmente localizados em Mato Grosso. A regulariza\u00e7\u00e3o dessas terras \u00e9 essencial para evitar inseguran\u00e7a jur\u00eddica e proteger o patrim\u00f4nio de fam\u00edlias que vivem nessas \u00e1reas h\u00e1 gera\u00e7\u00f5es.<\/p>\n<\/p><\/div>\n<p><br \/>\n<br \/><a href=\"https:\/\/www.canalrural.com.br\/agricultura\/projeto-soja-brasil\/ameaca-a-terra-produtores-de-mt-podem-perder-suas-propriedades-na-faixa-de-fronteira\/\">Source link <\/a><\/p>\n","protected":false},"excerpt":{"rendered":"<p>A seguran\u00e7a jur\u00eddica dos produtores rurais que vivem em \u00e1reas pr\u00f3ximas \u00e0 fronteira depende da aprova\u00e7\u00e3o do Projeto de Lei<\/p>\n","protected":false},"author":1,"featured_media":14926,"comment_status":"open","ping_status":"open","sticky":false,"template":"","format":"standard","meta":{"_monsterinsights_skip_tracking":false,"_monsterinsights_sitenote_active":false,"_monsterinsights_sitenote_note":"","_monsterinsights_sitenote_category":0,"_uf_show_specific_survey":0,"_uf_disable_surveys":false,"footnotes":""},"categories":[1],"tags":[],"class_list":["post-14925","post","type-post","status-publish","format-standard","has-post-thumbnail","hentry","category-news"],"_links":{"self":[{"href":"https:\/\/agromt.news\/index.php?rest_route=\/wp\/v2\/posts\/14925"}],"collection":[{"href":"https:\/\/agromt.news\/index.php?rest_route=\/wp\/v2\/posts"}],"about":[{"href":"https:\/\/agromt.news\/index.php?rest_route=\/wp\/v2\/types\/post"}],"author":[{"embeddable":true,"href":"https:\/\/agromt.news\/index.php?rest_route=\/wp\/v2\/users\/1"}],"replies":[{"embeddable":true,"href":"https:\/\/agromt.news\/index.php?rest_route=%2Fwp%2Fv2%2Fcomments&post=14925"}],"version-history":[{"count":0,"href":"https:\/\/agromt.news\/index.php?rest_route=\/wp\/v2\/posts\/14925\/revisions"}],"wp:featuredmedia":[{"embeddable":true,"href":"https:\/\/agromt.news\/index.php?rest_route=\/wp\/v2\/media\/14926"}],"wp:attachment":[{"href":"https:\/\/agromt.news\/index.php?rest_route=%2Fwp%2Fv2%2Fmedia&parent=14925"}],"wp:term":[{"taxonomy":"category","embeddable":true,"href":"https:\/\/agromt.news\/index.php?rest_route=%2Fwp%2Fv2%2Fcategories&post=14925"},{"taxonomy":"post_tag","embeddable":true,"href":"https:\/\/agromt.news\/index.php?rest_route=%2Fwp%2Fv2%2Ftags&post=14925"}],"curies":[{"name":"wp","href":"https:\/\/api.w.org\/{rel}","templated":true}]}}