{"id":14919,"date":"2025-06-11T10:52:47","date_gmt":"2025-06-11T14:52:47","guid":{"rendered":"https:\/\/agromt.news\/?p=14919"},"modified":"2025-06-11T10:52:47","modified_gmt":"2025-06-11T14:52:47","slug":"algodao-tem-baixa-oscilacao-no-preco-e-lentidao-nos-negos","status":"publish","type":"post","link":"https:\/\/agromt.news\/?p=14919","title":{"rendered":"Algod\u00e3o tem baixa oscila\u00e7\u00e3o no pre\u00e7o e lentid\u00e3o nos neg\u00f3s"},"content":{"rendered":"<p> <br \/>\n<br \/><img decoding=\"async\" src=\"https:\/\/agromt.news\/wp-content\/uploads\/2025\/06\/Algodao-tem-baixa-oscilacao-no-preco-e-lentidao-nos-negos.jpg\" \/><\/p>\n<div>\n<p>O mercado de algod\u00e3o em pluma iniciou o m\u00eas de junho com os pre\u00e7os ainda oscilando dentro de um pequeno intervalo em meio \u00e0 lentid\u00e3o dos neg\u00f3cios. \u00c9 isso que mostram os levantamentos do <a href=\"https:\/\/www.canalrural.com.br\/tag\/cepea\/\">Centro de Estudos Avan\u00e7ados em Economia Aplicada (Cepea)<\/a>.<\/p>\n<p>Segundo o Centro de Pesquisas, alguns vendedores t\u00eam optado por liquidar lotes da safra 2023\/24, enquanto compradores com menor estoque ficam ativos pontualmente no spot. O foco dos agentes, contudo, t\u00eam sido o fechamento de contratos a termo, para recebimento do produto nos pr\u00f3ximos meses ou mesmo em 2026.\u00a0<\/p>\n<\/div>\n<div>\n<p>O instituto aponta que, faltando pouco mais de dois meses para encerrar a temporada 2024\/25, o Brasil exportou 2,61 milh\u00f5es de toneladas de algod\u00e3o em pluma. de agosto\/24 at\u00e9 a primeira semana de junho\/25. Valor este que representa queda de 3% em rela\u00e7\u00e3o ao total escoado em toda a safra anterior.\u00a0<\/p>\n<p>Em maio, especificamente, foram embarcadas 192,2 mil toneladas. O que \u00e9 19,6% abaixo do volume de abril de 2025. O volume ainda \u00e9 16,2% menor no comparativo com maio de 2024, tamb\u00e9m conforme n\u00fameros da Secex.<\/p>\n<p><em>*Sob supervis\u00e3o de Luis Roberto Toledo<\/em><\/p>\n<\/p><\/div>\n<p><br \/>\n<br \/><a href=\"https:\/\/www.canalrural.com.br\/agricultura\/algodao-tem-baixa-oscilacao-no-preco-e-lentidao-nos-negos\/\">Source link <\/a><\/p>\n","protected":false},"excerpt":{"rendered":"<p>O mercado de algod\u00e3o em pluma iniciou o m\u00eas de junho com os pre\u00e7os ainda oscilando dentro de um pequeno<\/p>\n","protected":false},"author":1,"featured_media":14920,"comment_status":"open","ping_status":"open","sticky":false,"template":"","format":"standard","meta":{"_monsterinsights_skip_tracking":false,"_monsterinsights_sitenote_active":false,"_monsterinsights_sitenote_note":"","_monsterinsights_sitenote_category":0,"_uf_show_specific_survey":0,"_uf_disable_surveys":false,"footnotes":""},"categories":[1],"tags":[],"class_list":["post-14919","post","type-post","status-publish","format-standard","has-post-thumbnail","hentry","category-news"],"_links":{"self":[{"href":"https:\/\/agromt.news\/index.php?rest_route=\/wp\/v2\/posts\/14919"}],"collection":[{"href":"https:\/\/agromt.news\/index.php?rest_route=\/wp\/v2\/posts"}],"about":[{"href":"https:\/\/agromt.news\/index.php?rest_route=\/wp\/v2\/types\/post"}],"author":[{"embeddable":true,"href":"https:\/\/agromt.news\/index.php?rest_route=\/wp\/v2\/users\/1"}],"replies":[{"embeddable":true,"href":"https:\/\/agromt.news\/index.php?rest_route=%2Fwp%2Fv2%2Fcomments&post=14919"}],"version-history":[{"count":0,"href":"https:\/\/agromt.news\/index.php?rest_route=\/wp\/v2\/posts\/14919\/revisions"}],"wp:featuredmedia":[{"embeddable":true,"href":"https:\/\/agromt.news\/index.php?rest_route=\/wp\/v2\/media\/14920"}],"wp:attachment":[{"href":"https:\/\/agromt.news\/index.php?rest_route=%2Fwp%2Fv2%2Fmedia&parent=14919"}],"wp:term":[{"taxonomy":"category","embeddable":true,"href":"https:\/\/agromt.news\/index.php?rest_route=%2Fwp%2Fv2%2Fcategories&post=14919"},{"taxonomy":"post_tag","embeddable":true,"href":"https:\/\/agromt.news\/index.php?rest_route=%2Fwp%2Fv2%2Ftags&post=14919"}],"curies":[{"name":"wp","href":"https:\/\/api.w.org\/{rel}","templated":true}]}}