{"id":14916,"date":"2025-06-11T09:58:47","date_gmt":"2025-06-11T13:58:47","guid":{"rendered":"https:\/\/agromt.news\/?p=14916"},"modified":"2025-06-11T09:58:47","modified_gmt":"2025-06-11T13:58:47","slug":"cafe-tem-colheita-limitada-pela-chuva","status":"publish","type":"post","link":"https:\/\/agromt.news\/?p=14916","title":{"rendered":"Caf\u00e9 tem colheita limitada pela chuva"},"content":{"rendered":"<p> <br \/>\n<br \/><img decoding=\"async\" src=\"https:\/\/agromt.news\/wp-content\/uploads\/2025\/06\/Cafe-tem-colheita-limitada-pela-chuva.jpg\" \/><\/p>\n<div>\n<p>As chuvas e as temperaturas mais baixas em praticamente todas as regi\u00f5es produtoras de caf\u00e9 ar\u00e1bica no Brasil reduziram o ritmo de colheita da safra 2025\/26 nos \u00faltimos dias. \u00c9 isso o que apontam levantamentos do <a href=\"https:\/\/www.canalrural.com.br\/tag\/cepea\/\">Centro de Estudos Avan\u00e7ados em Economia Aplicada (Cepea)<\/a>.<\/p>\n<p>As precipita\u00e7\u00f5es limitam as atividades no campo e o clima frio desacelera a matura\u00e7\u00e3o do fruto. Quanto \u00e0 qualidade, colaboradores do Cepea n\u00e3o relatam comprometimento do gr\u00e3o da temporada 2025\/26 por conta do clima.\u00a0<\/p>\n<\/div>\n<div>\n<p>O Centro de Pesquisas destaca que a colheita da atual safra contrasta bastante com a da mesma \u00e9poca da temporada anterior. A \u00faltima colheita foi marcada pelo calor, que adiantou a matura\u00e7\u00e3o dos gr\u00e3os e antecipou, assim, os trabalhos no campo.\u00a0<\/p>\n<p>Como mostra o Cepea, nos primeiros dias de junho, a colheita de caf\u00e9 no Sul de Minas Gerais se aproximava dos 20% da produ\u00e7\u00e3o esperada. No Noroeste do Paran\u00e1, as atividades somavam entre 25% e 30%. Por fim, na Alta Mogiana Paulista e no Cerrado Mineiro, totalizam de 7% a 10%, respectivamente.<\/p>\n<p><em>*Sob supervis\u00e3o de Luis Roberto Toledo<\/em><\/p>\n<\/p><\/div>\n<p><br \/>\n<br \/><a href=\"https:\/\/www.canalrural.com.br\/agricultura\/cafe-tem-colheita-limitada-pela-chuva\/\">Source link <\/a><\/p>\n","protected":false},"excerpt":{"rendered":"<p>As chuvas e as temperaturas mais baixas em praticamente todas as regi\u00f5es produtoras de caf\u00e9 ar\u00e1bica no Brasil reduziram o<\/p>\n","protected":false},"author":1,"featured_media":14917,"comment_status":"open","ping_status":"open","sticky":false,"template":"","format":"standard","meta":{"_monsterinsights_skip_tracking":false,"_monsterinsights_sitenote_active":false,"_monsterinsights_sitenote_note":"","_monsterinsights_sitenote_category":0,"_uf_show_specific_survey":0,"_uf_disable_surveys":false,"footnotes":""},"categories":[1],"tags":[],"class_list":["post-14916","post","type-post","status-publish","format-standard","has-post-thumbnail","hentry","category-news"],"_links":{"self":[{"href":"https:\/\/agromt.news\/index.php?rest_route=\/wp\/v2\/posts\/14916"}],"collection":[{"href":"https:\/\/agromt.news\/index.php?rest_route=\/wp\/v2\/posts"}],"about":[{"href":"https:\/\/agromt.news\/index.php?rest_route=\/wp\/v2\/types\/post"}],"author":[{"embeddable":true,"href":"https:\/\/agromt.news\/index.php?rest_route=\/wp\/v2\/users\/1"}],"replies":[{"embeddable":true,"href":"https:\/\/agromt.news\/index.php?rest_route=%2Fwp%2Fv2%2Fcomments&post=14916"}],"version-history":[{"count":0,"href":"https:\/\/agromt.news\/index.php?rest_route=\/wp\/v2\/posts\/14916\/revisions"}],"wp:featuredmedia":[{"embeddable":true,"href":"https:\/\/agromt.news\/index.php?rest_route=\/wp\/v2\/media\/14917"}],"wp:attachment":[{"href":"https:\/\/agromt.news\/index.php?rest_route=%2Fwp%2Fv2%2Fmedia&parent=14916"}],"wp:term":[{"taxonomy":"category","embeddable":true,"href":"https:\/\/agromt.news\/index.php?rest_route=%2Fwp%2Fv2%2Fcategories&post=14916"},{"taxonomy":"post_tag","embeddable":true,"href":"https:\/\/agromt.news\/index.php?rest_route=%2Fwp%2Fv2%2Ftags&post=14916"}],"curies":[{"name":"wp","href":"https:\/\/api.w.org\/{rel}","templated":true}]}}