{"id":14912,"date":"2025-06-11T09:16:56","date_gmt":"2025-06-11T13:16:56","guid":{"rendered":"https:\/\/agromt.news\/?p=14912"},"modified":"2025-06-11T09:16:56","modified_gmt":"2025-06-11T13:16:56","slug":"sebrae-impulsiona-pequenos-negocios-na-bio-brazil-fair-e-naturaltech","status":"publish","type":"post","link":"https:\/\/agromt.news\/?p=14912","title":{"rendered":"Sebrae impulsiona pequenos neg\u00f3cios na Bio Brazil Fair e Naturaltech"},"content":{"rendered":"<p> <br \/>\n<br \/><img decoding=\"async\" src=\"https:\/\/agromt.news\/wp-content\/uploads\/2025\/06\/Sebrae-impulsiona-pequenos-negocios-na-Bio-Brazil-Fair-e-Naturaltech.jpg\" \/><\/p>\n<div>\n<p>Come\u00e7a nesta quinta-feira (11), em S\u00e3o Paulo, a <a href=\"https:\/\/biobrazil.naturaltech.com.br\/\">Bio Brazil Fair | Naturaltech 2025<\/a>, a maior feira da Am\u00e9rica Latina voltada exclusivamente a produtos naturais, org\u00e2nicos e sustent\u00e1veis. Neste ano, o Sebrae leva sete marcas de pequenos neg\u00f3cios de seis estados brasileiros, com o objetivo de ampliar mercados, gerar vendas e fortalecer a imagem dos empreendedores que atuam com prop\u00f3sito.<\/p>\n<p>Ao longo dos quatro dias de evento, o p\u00fablico encontrar\u00e1 <a href=\"https:\/\/www.canalrural.com.br\/empreendedorismo\/organicos-em-alta-cresce-o-consumo-de-produtos-sem-defensivos-quimicos\/\">produtos<\/a> como caf\u00e9 de a\u00e7a\u00ed, ch\u00e1s especiais, cereais, cosm\u00e9ticos naturais e itens de panifica\u00e7\u00e3o artesanal. Al\u00e9m disso, os visitantes ter\u00e3o acesso \u00e0 plataforma \u201cDo Brasil \u00e0 Mesa\u201d, criada para conectar produtores e compradores de alimentos brasileiros com identidade e origem.<\/p>\n<blockquote class=\"wp-block-quote is-layout-flow wp-block-quote-is-layout-flow\">\n<p>Segundo Jane Blandina da Costa, analista de Competitividade do Sebrae, o evento \u00e9 uma excelente oportunidade para estimular o consumo consciente e sustent\u00e1vel. \u201cCom a participa\u00e7\u00e3o na feira, queremos gerar novos neg\u00f3cios, fechar contratos e divulgar a produ\u00e7\u00e3o regional com alto valor agregado\u201d, explica.<\/p>\n<\/blockquote>\n<\/div>\n<div>\n<p>Al\u00e9m da exposi\u00e7\u00e3o, o Sebrae promove uma experi\u00eancia gastron\u00f4mica ao vivo com a Chef Negra Linda. Durante o evento, ela preparar\u00e1 receitas autorais utilizando os alimentos dos expositores. Com isso, o p\u00fablico poder\u00e1 conhecer novas formas de consumo e experimentar sabores aut\u00eanticos. \u201c\u00c9 uma forma de valorizar a origem dos alimentos e criar conex\u00f5es entre quem produz e quem consome\u201d, acrescenta Jane.<\/p>\n<ul class=\"wp-block-list\">\n<li><em>Participe do Porteira Aberta Empreender: envie perguntas, sugest\u00f5es e conte sua hist\u00f3ria de empreendedorismo pelo\u00a0<\/em><a href=\"https:\/\/api.whatsapp.com\/send?phone=5511932796720&amp;PorteiraAbertaEmpreender=SuaMensagem\"><strong>WhatsApp<\/strong><\/a><\/li>\n<\/ul>\n<p>A feira segue at\u00e9 o dia 14 de junho, no Pavilh\u00e3o de Exposi\u00e7\u00f5es do Anhembi, em S\u00e3o Paulo. A entrada \u00e9 gratuita, mediante credenciamento online.<\/p>\n<\/p><\/div>\n<p><br \/>\n<br \/><a href=\"https:\/\/www.canalrural.com.br\/empreendedorismo\/sebrae-impulsiona-pequenos-negocios-na-bio-brazil-fair-e-naturaltech\/\">Source link <\/a><\/p>\n","protected":false},"excerpt":{"rendered":"<p>Come\u00e7a nesta quinta-feira (11), em S\u00e3o Paulo, a Bio Brazil Fair | Naturaltech 2025, a maior feira da Am\u00e9rica Latina<\/p>\n","protected":false},"author":1,"featured_media":14913,"comment_status":"open","ping_status":"open","sticky":false,"template":"","format":"standard","meta":{"_monsterinsights_skip_tracking":false,"_monsterinsights_sitenote_active":false,"_monsterinsights_sitenote_note":"","_monsterinsights_sitenote_category":0,"_uf_show_specific_survey":0,"_uf_disable_surveys":false,"footnotes":""},"categories":[1],"tags":[],"class_list":["post-14912","post","type-post","status-publish","format-standard","has-post-thumbnail","hentry","category-news"],"_links":{"self":[{"href":"https:\/\/agromt.news\/index.php?rest_route=\/wp\/v2\/posts\/14912"}],"collection":[{"href":"https:\/\/agromt.news\/index.php?rest_route=\/wp\/v2\/posts"}],"about":[{"href":"https:\/\/agromt.news\/index.php?rest_route=\/wp\/v2\/types\/post"}],"author":[{"embeddable":true,"href":"https:\/\/agromt.news\/index.php?rest_route=\/wp\/v2\/users\/1"}],"replies":[{"embeddable":true,"href":"https:\/\/agromt.news\/index.php?rest_route=%2Fwp%2Fv2%2Fcomments&post=14912"}],"version-history":[{"count":0,"href":"https:\/\/agromt.news\/index.php?rest_route=\/wp\/v2\/posts\/14912\/revisions"}],"wp:featuredmedia":[{"embeddable":true,"href":"https:\/\/agromt.news\/index.php?rest_route=\/wp\/v2\/media\/14913"}],"wp:attachment":[{"href":"https:\/\/agromt.news\/index.php?rest_route=%2Fwp%2Fv2%2Fmedia&parent=14912"}],"wp:term":[{"taxonomy":"category","embeddable":true,"href":"https:\/\/agromt.news\/index.php?rest_route=%2Fwp%2Fv2%2Fcategories&post=14912"},{"taxonomy":"post_tag","embeddable":true,"href":"https:\/\/agromt.news\/index.php?rest_route=%2Fwp%2Fv2%2Ftags&post=14912"}],"curies":[{"name":"wp","href":"https:\/\/api.w.org\/{rel}","templated":true}]}}