{"id":1491,"date":"2024-09-12T16:45:10","date_gmt":"2024-09-12T20:45:10","guid":{"rendered":"https:\/\/agromt.news\/?p=1491"},"modified":"2024-09-12T16:45:10","modified_gmt":"2024-09-12T20:45:10","slug":"nao-precisam-apontar-o-dedo-e-nos-mostrar-as-diretrizes-diz-favaro-sobre-a-uniao-europeia","status":"publish","type":"post","link":"https:\/\/agromt.news\/?p=1491","title":{"rendered":"&#8216;N\u00e3o precisam apontar o dedo e nos mostrar as diretrizes&#8217;, diz F\u00e1varo sobre a Uni\u00e3o Europeia"},"content":{"rendered":"<p> <br \/>\n<br \/><img decoding=\"async\" src=\"https:\/\/agromt.news\/wp-content\/uploads\/2024\/09\/Nao-precisam-apontar-o-dedo-e-nos-mostrar-as-diretrizes.jpeg\" \/><\/p>\n<div>\n<p>\u201cN\u00f3s sabemos das nossas responsabilidades com o meio ambiente, com a produ\u00e7\u00e3o sustent\u00e1vel. N\u00e3o precisam apontar o dedo e nos mostrar as diretrizes\u201d. <\/p>\n<p>A declara\u00e7\u00e3o \u00e9 do ministro da Agricultura e Pecu\u00e1ria <strong><a href=\"https:\/\/www.gov.br\/agricultura\/pt-br\">(Mapa)<\/a><\/strong>, Carlos F\u00e1varo, acerca das crescentes exig\u00eancias da comunidade europeia quanto \u00e0 produ\u00e7\u00e3o de alimentos brasileiros adquiritos pelos pa\u00edses do continente.<\/p>\n<\/div>\n<div>\n<p>Na quarta-feira (11), paralelamente aos debates do Grupo de Trabalho do G20 Agro, durante reuni\u00e3o bilateral com a Uni\u00e3o Europeia, o Brasil entregou uma carta solicitando a suspens\u00e3o da Lei Antidesmatamento e a revis\u00e3o da abordagem punitiva aos produtores que cumprem a legisla\u00e7\u00e3o vigente.<\/p>\n<p>A partir do final de 2024, de acordo com proposta da Uni\u00e3o Europeia, os <strong><a href=\"https:\/\/www.canalrural.com.br\/agricultura\/projeto-soja-brasil\/\">produtores de soja<\/a><\/strong>, carne (e couro), madeira, borracha, caf\u00e9, cacau e \u00f3leo de palma precisar\u00e3o comprovar que suas produ\u00e7\u00f5es cumprem a legisla\u00e7\u00e3o brasileira e que n\u00e3o s\u00e3o oriundas de \u00e1reas com desmatamento, seja ele legal ou ilegal, para continuarem exportando para os pa\u00edses do bloco.<\/p>\n<h2 class=\"wp-block-heading\" id=\"h-prazo-para-a-comunidade-europeia\">Prazo para a Comunidade Europeia<\/h2>\n<p>Nesta quinta-feira, o ministro destacou que o governo brasileiro dar\u00e1 um prazo formal \u00e0 comunidade europeia (at\u00e9 1\u00ba de outubro) para que ela prorrogue a data aplica\u00e7\u00e3o da nova norma ao agro nacional.<\/p>\n<p>\u201cO melhor caminho para a mudan\u00e7a desse paradigma \u00e9 o di\u00e1logo e n\u00e3o a imposi\u00e7\u00e3o, sempre respeitando a soberania dos pa\u00edses. Caso n\u00e3o fizerem [a prorroga\u00e7\u00e3o], n\u00f3s vamos buscar outros mecanismos para que essa implementa\u00e7\u00e3o n\u00e3o ocorra de forma unilateral\u201d, salientou F\u00e1varo aos jornalistas na abertura oficial das reuni\u00f5es ministeriais do G20 Agro, que ocorrem em Mato Grosso.<\/p>\n<\/div>\n<p><br \/>\n<br \/><a href=\"https:\/\/www.canalrural.com.br\/politica\/nao-precisam-apontar-o-dedo-e-nos-mostrar-as-diretrizes-diz-favaro-sobre-a-uniao-europeia\/\">Source link <\/a><\/p>\n","protected":false},"excerpt":{"rendered":"<p>\u201cN\u00f3s sabemos das nossas responsabilidades com o meio ambiente, com a produ\u00e7\u00e3o sustent\u00e1vel. N\u00e3o precisam apontar o dedo e nos<\/p>\n","protected":false},"author":1,"featured_media":1492,"comment_status":"open","ping_status":"open","sticky":false,"template":"","format":"standard","meta":{"_monsterinsights_skip_tracking":false,"_monsterinsights_sitenote_active":false,"_monsterinsights_sitenote_note":"","_monsterinsights_sitenote_category":0,"_uf_show_specific_survey":0,"_uf_disable_surveys":false,"footnotes":""},"categories":[1],"tags":[],"class_list":["post-1491","post","type-post","status-publish","format-standard","has-post-thumbnail","hentry","category-news"],"_links":{"self":[{"href":"https:\/\/agromt.news\/index.php?rest_route=\/wp\/v2\/posts\/1491"}],"collection":[{"href":"https:\/\/agromt.news\/index.php?rest_route=\/wp\/v2\/posts"}],"about":[{"href":"https:\/\/agromt.news\/index.php?rest_route=\/wp\/v2\/types\/post"}],"author":[{"embeddable":true,"href":"https:\/\/agromt.news\/index.php?rest_route=\/wp\/v2\/users\/1"}],"replies":[{"embeddable":true,"href":"https:\/\/agromt.news\/index.php?rest_route=%2Fwp%2Fv2%2Fcomments&post=1491"}],"version-history":[{"count":0,"href":"https:\/\/agromt.news\/index.php?rest_route=\/wp\/v2\/posts\/1491\/revisions"}],"wp:featuredmedia":[{"embeddable":true,"href":"https:\/\/agromt.news\/index.php?rest_route=\/wp\/v2\/media\/1492"}],"wp:attachment":[{"href":"https:\/\/agromt.news\/index.php?rest_route=%2Fwp%2Fv2%2Fmedia&parent=1491"}],"wp:term":[{"taxonomy":"category","embeddable":true,"href":"https:\/\/agromt.news\/index.php?rest_route=%2Fwp%2Fv2%2Fcategories&post=1491"},{"taxonomy":"post_tag","embeddable":true,"href":"https:\/\/agromt.news\/index.php?rest_route=%2Fwp%2Fv2%2Ftags&post=1491"}],"curies":[{"name":"wp","href":"https:\/\/api.w.org\/{rel}","templated":true}]}}