{"id":14906,"date":"2025-06-11T02:40:29","date_gmt":"2025-06-11T06:40:29","guid":{"rendered":"https:\/\/agromt.news\/?p=14906"},"modified":"2025-06-11T02:40:29","modified_gmt":"2025-06-11T06:40:29","slug":"embargo-ao-frango-brasileiro-ameaca-perdas-de-ate-us-380-milhoes-por-mes","status":"publish","type":"post","link":"https:\/\/agromt.news\/?p=14906","title":{"rendered":"Embargo ao frango brasileiro amea\u00e7a perdas de at\u00e9 US$ 380 milh\u00f5es por m\u00eas"},"content":{"rendered":"<p> <br \/>\n<\/p>\n<div>\n<p style=\"text-align:justify\">Maior exportador de carne de frango do mundo, o Brasil enfrenta o embargo de mais de 40 pa\u00edses ao produto nacional devido \u00e0 notifica\u00e7\u00e3o de casos de gripe avi\u00e1ria em granjas comerciais. Segundo o relat\u00f3rio Gripe Avi\u00e1ria: Impactos no Setor Av\u00edcola Global e Nacional, produzido pela Bateleur, o embargo pode representar perdas mensais de at\u00e9 US$ 380 milh\u00f5es ao setor. \u00a0Os pa\u00edses que mant\u00eam o embargo nacional \u00e0 compra de frango representam cerca de 45% do total exportado pelo Brasil \u2013 \u00a0em abril, esses pa\u00edses compraram 210 mil toneladas do produto a um pre\u00e7o m\u00e9dio de US$ 1.811 a tonelada.&#13;\n<\/p>\n<p style=\"text-align:justify\">\u201cA relev\u00e2ncia do Brasil no com\u00e9rcio internacional e a alta diversifica\u00e7\u00e3o dos pa\u00edses de destino do frango brasileiro diminuem os preju\u00edzos potenciais, assim como o fato de que os principais exportadores de frango do mundo tamb\u00e9m v\u00eam sofrendo com surtos da doen\u00e7a\u201d, destaca o relat\u00f3rio. O estudo da Bateleur tamb\u00e9m aponta que, at\u00e9 a notifica\u00e7\u00e3o dos casos da doen\u00e7a, a conjuntura era positiva para a avicultura brasileira, com um crescimento nas exporta\u00e7\u00f5es de 10% no acumulado do ano, somado \u00e0 expectativa de diminui\u00e7\u00e3o nos custos a partir de uma safra robusta.\u00a0<\/p>\n<p style=\"text-align:justify\">Al\u00e9m disso, destaca que a piora do quadro da gripe avi\u00e1ria no Brasil n\u00e3o resulta em fatores negativos somente no \u00e2mbito nacional, mas tamb\u00e9m na oferta global da carne e na din\u00e2mica de pre\u00e7os internacional. \u201cA interrup\u00e7\u00e3o parcial das exporta\u00e7\u00f5es brasileiras representa um choque de oferta relevante no com\u00e9rcio global de prote\u00edna animal. Esse movimento tende a gerar distor\u00e7\u00f5es de pre\u00e7os nos principais mercados consumidores e acentuar a volatilidade em pa\u00edses dependentes do frango brasileiro\u201d, afirma o s\u00f3cio da Bateleur, Henrique Trevisan.&#13;\n<\/p>\n<p style=\"text-align:justify\">No atual cen\u00e1rio, o principal objetivo do Brasil \u00e9 transformar os embargos nacionais em regionais \u2013 impedindo a exporta\u00e7\u00e3o somente das regi\u00f5es afetadas. Alguns pa\u00edses, inclusive, j\u00e1 definem o eventual embargo como regional no contrato de com\u00e9rcio com o Brasil, como \u00e9 o caso dos Emirados \u00c1rabes Unidos e do Jap\u00e3o.<\/p>\n<p style=\"text-align:justify\">Em rela\u00e7\u00e3o ao excedente de produtos que deixar\u00e1 de ser exportado, o relat\u00f3rio da Bateleur enfatiza que ele deve ser direcionado ao consumo dom\u00e9stico, aumentando a oferta interna e impactando os pre\u00e7os nos pr\u00f3ximos meses. \u201cO volume represado deve gerar uma sobreoferta significativa no curto prazo, o que pode provocar quedas nos pre\u00e7os ao produtor e margens mais apertadas para a ind\u00fastria\u201d, comenta Trevisan.&#13;\n<\/p>\n<p><strong>Sobre a Bateleur\u00a0<\/strong><\/p>\n<p>Refer\u00eancia em fus\u00f5es e aquisi\u00e7\u00f5es e em assessoria estrat\u00e9gico-financeira para grandes corpora\u00e7\u00f5es, a Bateleur atua com foco no crescimento de longo prazo das empresas e nos seus neg\u00f3cios. Com escrit\u00f3rios em Porto Alegre e Florian\u00f3polis, a Bateleur re\u00fane, em seu portf\u00f3lio, relevantes transa\u00e7\u00f5es societ\u00e1rias e opera\u00e7\u00f5es estruturadas, al\u00e9m de dezenas de projetos de assessoria desenvolvidos para companhias de diversos setores como banking, agroneg\u00f3cio, varejo, energia e sa\u00fade.<\/p>\n<\/p><\/div>\n<p><script data-cfasync=\"false\">\n    !function (f, b, e, v, n, t, s) {\n        if (f.fbq) return; n = f.fbq = function () {\n            n.callMethod ?\n                n.callMethod.apply(n, arguments) : n.queue.push(arguments)\n        };\n        if (!f._fbq) f._fbq = n; n.push = n; n.loaded = !0; n.version = '2.0';\n        n.queue = []; t = b.createElement(e); t.async = !0;\n        t.src = v; s = b.getElementsByTagName(e)[0];\n        s.parentNode.insertBefore(t, s)\n    }(window, document, 'script',\n        'https:\/\/connect.facebook.net\/en_US\/fbevents.js');\n    fbq('init', '522546078623747');\n    fbq('track', 'PageView');\n<\/script><br \/>\n<br \/><br \/>\n<br \/><a href=\"https:\/\/www.agrolink.com.br\/noticias\/embargo-ao-frango-brasileiro-ameaca-perdas-de-ate-us--380-milhoes-por-mes_502790.html\">Source link <\/a><\/p>\n","protected":false},"excerpt":{"rendered":"<p>Maior exportador de carne de frango do mundo, o Brasil enfrenta o embargo de mais de 40 pa\u00edses ao produto<\/p>\n","protected":false},"author":1,"featured_media":1245,"comment_status":"open","ping_status":"open","sticky":false,"template":"","format":"standard","meta":{"_monsterinsights_skip_tracking":false,"_monsterinsights_sitenote_active":false,"_monsterinsights_sitenote_note":"","_monsterinsights_sitenote_category":0,"_uf_show_specific_survey":0,"_uf_disable_surveys":false,"footnotes":""},"categories":[8,1,14],"tags":[],"class_list":["post-14906","post","type-post","status-publish","format-standard","has-post-thumbnail","hentry","category-agro","category-news","category-politica-agro"],"_links":{"self":[{"href":"https:\/\/agromt.news\/index.php?rest_route=\/wp\/v2\/posts\/14906"}],"collection":[{"href":"https:\/\/agromt.news\/index.php?rest_route=\/wp\/v2\/posts"}],"about":[{"href":"https:\/\/agromt.news\/index.php?rest_route=\/wp\/v2\/types\/post"}],"author":[{"embeddable":true,"href":"https:\/\/agromt.news\/index.php?rest_route=\/wp\/v2\/users\/1"}],"replies":[{"embeddable":true,"href":"https:\/\/agromt.news\/index.php?rest_route=%2Fwp%2Fv2%2Fcomments&post=14906"}],"version-history":[{"count":0,"href":"https:\/\/agromt.news\/index.php?rest_route=\/wp\/v2\/posts\/14906\/revisions"}],"wp:featuredmedia":[{"embeddable":true,"href":"https:\/\/agromt.news\/index.php?rest_route=\/wp\/v2\/media\/1245"}],"wp:attachment":[{"href":"https:\/\/agromt.news\/index.php?rest_route=%2Fwp%2Fv2%2Fmedia&parent=14906"}],"wp:term":[{"taxonomy":"category","embeddable":true,"href":"https:\/\/agromt.news\/index.php?rest_route=%2Fwp%2Fv2%2Fcategories&post=14906"},{"taxonomy":"post_tag","embeddable":true,"href":"https:\/\/agromt.news\/index.php?rest_route=%2Fwp%2Fv2%2Ftags&post=14906"}],"curies":[{"name":"wp","href":"https:\/\/api.w.org\/{rel}","templated":true}]}}