{"id":14902,"date":"2025-06-10T20:50:06","date_gmt":"2025-06-11T00:50:06","guid":{"rendered":"https:\/\/agromt.news\/?p=14902"},"modified":"2025-06-10T20:50:06","modified_gmt":"2025-06-11T00:50:06","slug":"bahia-farm-show-2025-e-aberta-oficialmente-com-o-compromisso-de-inovacao-sustentavel","status":"publish","type":"post","link":"https:\/\/agromt.news\/?p=14902","title":{"rendered":"Bahia Farm Show 2025 \u00e9 aberta oficialmente com o compromisso de inova\u00e7\u00e3o sustent\u00e1vel"},"content":{"rendered":"<p> <br \/>\n<\/p>\n<div>\n<p style=\"text-align:justify\">A 19\u00aa edi\u00e7\u00e3o da Bahia Farm Show foi aberta oficialmente nesta ter\u00e7a-feira (10) com a presen\u00e7a de autoridades, expositores e representantes do setor produtivo. At\u00e9 o pr\u00f3ximo s\u00e1bado (14), o complexo da feira ser\u00e1 o espa\u00e7o para neg\u00f3cios e parcerias estrat\u00e9gicas em torno do tema \u201cAgro Inteligente, Futuro Sustent\u00e1vel\u201d. Prospectando uma expressiva movimenta\u00e7\u00e3o no agroneg\u00f3cio nacional, a feira se consolida como um espa\u00e7o de inova\u00e7\u00e3o, troca de conhecimento e gera\u00e7\u00e3o de bons neg\u00f3cios para diferentes segmentos do agroneg\u00f3cio.&#13;\n<\/p>\n<p style=\"text-align:justify\">A cerim\u00f4nia de abertura contou com a presen\u00e7a do governador da Bahia, Jer\u00f4nimo Rodrigues, que refor\u00e7ou o papel do agroneg\u00f3cio como vetor do desenvolvimento regional. Em seu discurso, destacou a import\u00e2ncia da integra\u00e7\u00e3o entre inova\u00e7\u00e3o, sustentabilidade e educa\u00e7\u00e3o ambiental. \u201cEste \u00e9 o momento do agro inteligente, porque produzir bem \u00e9 produzir com responsabilidade. Esta transi\u00e7\u00e3o sustent\u00e1vel n\u00e3o \u00e9 mais uma promessa, \u00e9 uma realidade. A nossa for\u00e7a [do estado] est\u00e1 na combina\u00e7\u00e3o entre tecnologia de ponta e responsabilidade socioambiental, um caminho essencial para garantir a perenidade das nossas riquezas naturais e produtivas\u201d, afirmou.<\/p>\n<p style=\"text-align:justify\">O presidente da Bahia Farm Show e da Associa\u00e7\u00e3o de Agricultores e Irrigantes da Bahia (Aiba), Mois\u00e9s Schmidt, celebrou o amadurecimento da feira, que chega \u00e0 sua 19\u00aa edi\u00e7\u00e3o, tornando-se uma refer\u00eancia nacional em inova\u00e7\u00e3o tecnol\u00f3gica para o setor. \u201cEstamos prontos para mais uma edi\u00e7\u00e3o hist\u00f3rica, de bons neg\u00f3cios, muito aprendizado, reencontros e novos caminhos. Que possamos sair ainda mais fortalecidos, certos de que o agro \u00e9 inteligente, sustent\u00e1vel e essencial para o Brasil\u201d, refor\u00e7a.<\/p>\n<p style=\"text-align:justify\">Durante a solenidade, Mois\u00e9s refor\u00e7ou o compromisso do agroneg\u00f3cio baiano com a inova\u00e7\u00e3o, a sustentabilidade e o fortalecimento das redes produtivas. \u201cTodo este cen\u00e1rio tem contribu\u00eddo para a consolida\u00e7\u00e3o do Oeste da Bahia como uma das regi\u00f5es mais din\u00e2micas e estrat\u00e9gicas para o agroneg\u00f3cio nacional\u201d, pontuou.&#13;\n<\/p>\n<p style=\"text-align:justify\">O prefeito de Lu\u00eds Eduardo Magalh\u00e3es, Junior Marab\u00e1, destacou a import\u00e2ncia da Bahia Farm Show para o desenvolvimento do munic\u00edpio. \u201cA feira \u00e9 uma vitrine de oportunidades e um motor para gerar emprego, renda e prosperidade para todos que aqui vivem\u201d. A presidente da Associa\u00e7\u00e3o Baiana dos Produtores de Algod\u00e3o (Abapa), Alessandra Zanotto, destacou o compromisso do setor com pr\u00e1ticas produtivas sustent\u00e1veis e o fortalecimento das cadeias produtivas locais.<\/p>\n<p style=\"text-align:justify\">Tamb\u00e9m participaram da solenidade de abertura da Bahia Farm Show o presidente da Associa\u00e7\u00e3o de M\u00e1quinas e Implementos Agr\u00edcolas do Oeste da Bahia (Assomiba), F\u00e1bio Martins, e o presidente da Funda\u00e7\u00e3o Bahia, Ademar Mar\u00e7al, que ressaltaram o legado de inova\u00e7\u00e3o e crescimento cont\u00ednuo da feira que, este ano, tamb\u00e9m celebra os 35 anos da Aiba, entidade organizadora do evento.<\/p>\n<p style=\"text-align:justify\">Boas pr\u00e1ticas \u2013 Durante a solenidade, o governo baiano entregou aos presidentes da Aiba e Abapa certificados de boas pr\u00e1ticas fitossanit\u00e1rias do Programa de Incentivo \u00e0 Cultura do Algod\u00e3o (Proalba), representando 117 estabelecimentos rurais com base em metas de sustentabilidade, competitividade e moderniza\u00e7\u00e3o tecnol\u00f3gica, atrav\u00e9s da Ag\u00eancia Estadual de Defesa Agropecu\u00e1ria da Bahia (Adab). Na ocasi\u00e3o, foi tamb\u00e9m apresentado o selo da Bahia como estado livre da febre aftosa.&#13;\n<\/p>\n<p style=\"text-align:justify\">A cerim\u00f4nia de abertura contou ainda com a presen\u00e7a de autoridades civis, militares, deputados, prefeitos e vereadores da regi\u00e3o, al\u00e9m de representantes dos patrocinadores: Governo da Bahia, Prefeitura Municipal de Lu\u00eds Eduardo Magalh\u00e3es, BNDES, Banco do Brasil, Banco do Nordeste, Bradesco, Caixa Econ\u00f4mica Federal, Desenbahia, Sicredi, Senar\/FAEB, Minist\u00e9rio do Desenvolvimento, Ind\u00fastria, Com\u00e9rcio e Servi\u00e7os, Neoenergia Coelba, ApexBrasil, Inpasa, GTEEX, Instituto Washington Pimentel, Currais Itabira, PYKA, Franciosi Sementes e Assomiba.<\/p>\n<\/p><\/div>\n<p><script data-cfasync=\"false\">\n    !function (f, b, e, v, n, t, s) {\n        if (f.fbq) return; n = f.fbq = function () {\n            n.callMethod ?\n                n.callMethod.apply(n, arguments) : n.queue.push(arguments)\n        };\n        if (!f._fbq) f._fbq = n; n.push = n; n.loaded = !0; n.version = '2.0';\n        n.queue = []; t = b.createElement(e); t.async = !0;\n        t.src = v; s = b.getElementsByTagName(e)[0];\n        s.parentNode.insertBefore(t, s)\n    }(window, document, 'script',\n        'https:\/\/connect.facebook.net\/en_US\/fbevents.js');\n    fbq('init', '522546078623747');\n    fbq('track', 'PageView');\n<\/script><br \/>\n<br \/><br \/>\n<br \/><a href=\"https:\/\/www.agrolink.com.br\/noticias\/bahia-farm-show-2025-e-aberta-oficialmente-com-o-compromisso-de-inovacao-sustentavel_502793.html\">Source link <\/a><\/p>\n","protected":false},"excerpt":{"rendered":"<p>A 19\u00aa edi\u00e7\u00e3o da Bahia Farm Show foi aberta oficialmente nesta ter\u00e7a-feira (10) com a presen\u00e7a de autoridades, expositores e<\/p>\n","protected":false},"author":1,"featured_media":14903,"comment_status":"open","ping_status":"open","sticky":false,"template":"","format":"standard","meta":{"_monsterinsights_skip_tracking":false,"_monsterinsights_sitenote_active":false,"_monsterinsights_sitenote_note":"","_monsterinsights_sitenote_category":0,"_uf_show_specific_survey":0,"_uf_disable_surveys":false,"footnotes":""},"categories":[8,1,14],"tags":[],"class_list":["post-14902","post","type-post","status-publish","format-standard","has-post-thumbnail","hentry","category-agro","category-news","category-politica-agro"],"_links":{"self":[{"href":"https:\/\/agromt.news\/index.php?rest_route=\/wp\/v2\/posts\/14902"}],"collection":[{"href":"https:\/\/agromt.news\/index.php?rest_route=\/wp\/v2\/posts"}],"about":[{"href":"https:\/\/agromt.news\/index.php?rest_route=\/wp\/v2\/types\/post"}],"author":[{"embeddable":true,"href":"https:\/\/agromt.news\/index.php?rest_route=\/wp\/v2\/users\/1"}],"replies":[{"embeddable":true,"href":"https:\/\/agromt.news\/index.php?rest_route=%2Fwp%2Fv2%2Fcomments&post=14902"}],"version-history":[{"count":0,"href":"https:\/\/agromt.news\/index.php?rest_route=\/wp\/v2\/posts\/14902\/revisions"}],"wp:featuredmedia":[{"embeddable":true,"href":"https:\/\/agromt.news\/index.php?rest_route=\/wp\/v2\/media\/14903"}],"wp:attachment":[{"href":"https:\/\/agromt.news\/index.php?rest_route=%2Fwp%2Fv2%2Fmedia&parent=14902"}],"wp:term":[{"taxonomy":"category","embeddable":true,"href":"https:\/\/agromt.news\/index.php?rest_route=%2Fwp%2Fv2%2Fcategories&post=14902"},{"taxonomy":"post_tag","embeddable":true,"href":"https:\/\/agromt.news\/index.php?rest_route=%2Fwp%2Fv2%2Ftags&post=14902"}],"curies":[{"name":"wp","href":"https:\/\/api.w.org\/{rel}","templated":true}]}}