{"id":14898,"date":"2025-06-10T19:11:08","date_gmt":"2025-06-10T23:11:08","guid":{"rendered":"https:\/\/agromt.news\/?p=14898"},"modified":"2025-06-10T19:11:08","modified_gmt":"2025-06-10T23:11:08","slug":"autoridades-e-liderancas-do-agro-prestigiam-abertura-da-19a-edicao-da-bahia-farm-show","status":"publish","type":"post","link":"https:\/\/agromt.news\/?p=14898","title":{"rendered":"Autoridades e lideran\u00e7as do agro prestigiam abertura da 19\u00aa edi\u00e7\u00e3o da Bahia Farm Show"},"content":{"rendered":"<p> <br \/>\n<\/p>\n<div>\n<p>Autoridades estaduais, municipais, lideran\u00e7as do agroneg\u00f3cio, expositores e convidados, estiveram presentes na abertura da <strong>19\u00aa edi\u00e7\u00e3o da Bahia Farm Show<\/strong>, na manh\u00e3 desta ter\u00e7a-feira (10), no Oeste baiano. A cerim\u00f4nia, que marca o in\u00edcio oficial da feira, refor\u00e7a a import\u00e2ncia econ\u00f4mica do evento para o munic\u00edpio de<strong> Lu\u00eds Eduardo Magalh\u00e3es (BA).<\/strong><\/p>\n<p>\u201cIsso tudo movimenta a rede hoteleira, nosso com\u00e9rcio local, a \u00e1rea da gastronomia, que logicamente consome no varejo. Ent\u00e3o, isso gera mais empregos e cria mais oportunidades de neg\u00f3cios, de forma geral\u201d, afirmou o prefeito J\u00fanior Marab\u00e1.<\/p>\n<p>Como todo grande evento, a maior feira agr\u00edcola do Norte e Nordeste representa um desafio para a nova gest\u00e3o da Associa\u00e7\u00e3o de Agricultores e Irrigantes da Bahia (Aiba).<\/p>\n<p>\u201cA Bahia Farm Show, em sua 19\u00aa edi\u00e7\u00e3o, sempre se supera. Trabalhamos com muito empenho e, j\u00e1 agora, no segundo dia, estamos surpresos com o n\u00famero de visitantes. Temos muitos desafios pela frente, mas sei que, amparado por esses produtores e com uma vis\u00e3o para 2050 \u2014 onde temos essa responsabilidade \u2014 levaremos adiante o trip\u00e9 da sustentabilidade social, ambiental e econ\u00f4mica do nosso neg\u00f3cio. Tenho certeza de que vamos alcan\u00e7ar nossos objetivos com ainda mais inova\u00e7\u00e3o\u201d, declarou Mois\u00e9s Schmidt, presidente da Aiba.<\/p>\n<p>Para Pablo Barrozo, secret\u00e1rio de Agricultura da Bahia (Seagri), a feira \u00e9 tamb\u00e9m uma oportunidade para aproximar os produtores rurais da institui\u00e7\u00e3o. \u201cN\u00f3s estamos todos aqui empenhados, inclusive em dialogar, estar mais pr\u00f3ximos e tirar d\u00favidas dos agricultores \u2014 pequenos, m\u00e9dios e grandes \u2014 e tamb\u00e9m da popula\u00e7\u00e3o em geral\u201d, disse.<\/p>\n<p>Outro destaque da cerim\u00f4nia foi a celebra\u00e7\u00e3o do reconhecimento da Bahia como <a href=\"https:\/\/www.canalrural.com.br\/pecuaria\/brasil-recebe-na-franca-certificado-de-zona-livre-de-febre-aftosa-sem-vacinacao\/\">estado livre da febre aftosa sem vacina\u00e7\u00e3o, condi\u00e7\u00e3o j\u00e1 conquistada pelo Brasil.<\/a><\/p>\n<p>\u201c\u00c9 um selo que chancela nosso gado para ser vendido no mundo todo, inclusive em pa\u00edses que antes n\u00e3o compravam por exig\u00eancias espec\u00edficas. Hoje, podemos vender nosso gado \u2014 cuja carne j\u00e1 \u00e9 reconhecida pela qualidade \u2014 sem qualquer desconfian\u00e7a externa. Isso agrega valor, elimina atravessadores e fortalece a cadeia da pecu\u00e1ria\u201d, pontuou.<\/p>\n<figure class=\"wp-block-image size-large\"><img fetchpriority=\"high\" decoding=\"async\" width=\"1024\" height=\"573\" alt=\"Bahia Farm Show 2025, imagem a\u00e9rea do segundo dia em Lu\u00eds Eduardo Magalh\u00e3es\" class=\"wp-image-4104414\"  data-lazy- src=\"https:\/\/agromt.news\/wp-content\/uploads\/2025\/06\/Autoridades-e-liderancas-do-agro-prestigiam-abertura-da-19a-edicao.jpg\"\/><img decoding=\"async\" width=\"1024\" height=\"573\" src=\"https:\/\/agromt.news\/wp-content\/uploads\/2025\/06\/Autoridades-e-liderancas-do-agro-prestigiam-abertura-da-19a-edicao.jpg\" alt=\"Bahia Farm Show 2025, imagem a\u00e9rea do segundo dia em Lu\u00eds Eduardo Magalh\u00e3es\" class=\"wp-image-4104414\"  \/><figcaption class=\"wp-element-caption\">Fim de tarde na Bahia Farm Show nesta ter\u00e7a-feira (10) | Imagem: Guilherme Soares\/Canal Rural Bahia<\/figcaption><\/figure>\n<p>Todos os anos, a abertura da Bahia Farm Show tamb\u00e9m \u00e9 um momento importante para a apresenta\u00e7\u00e3o de demandas dos produtores rurais \u00e0s autoridades. <\/p>\n<\/div>\n<div>\n<p>Na cerim\u00f4nia desta ter\u00e7a, o governador da Bahia, Jer\u00f4nimo Rodrigues, abordou temas como a <strong>duplica\u00e7\u00e3o da BR-242<\/strong> e as invas\u00f5es de terras no Sul do estado.<\/p>\n<p>\u201cA respeito da BR-242, a informa\u00e7\u00e3o que o ministro Rui Costa nos passou \u00e9 que o projeto executivo est\u00e1 em fase final de conclus\u00e3o e que, at\u00e9 agosto, ser\u00e1 realizado o leil\u00e3o p\u00fablico, dentro do modelo da Bolsa, para que a empresa vencedora inicie a duplica\u00e7\u00e3o da pista\u201d, afirmou o governador.<\/p>\n<p>Sobre as invas\u00f5es de terras ind\u00edgenas, o governador foi categ\u00f3rico ao dizer que seu papel \u00e9 o de media\u00e7\u00e3o, sem tomar partido.<\/p>\n<figure class=\"wp-block-image size-large\"><img decoding=\"async\" width=\"1024\" height=\"571\" alt=\"Jer\u00f4nimo Rodrigues, governador da Bahia durante entrevista na Bahia Farm Show\" class=\"wp-image-4104416\"  data-lazy- src=\"https:\/\/agromt.news\/wp-content\/uploads\/2025\/06\/1749597068_108_Autoridades-e-liderancas-do-agro-prestigiam-abertura-da-19a-edicao.jpg\"\/><img loading=\"lazy\" decoding=\"async\" width=\"1024\" height=\"571\" src=\"https:\/\/agromt.news\/wp-content\/uploads\/2025\/06\/1749597068_108_Autoridades-e-liderancas-do-agro-prestigiam-abertura-da-19a-edicao.jpg\" alt=\"Jer\u00f4nimo Rodrigues, governador da Bahia durante entrevista na Bahia Farm Show\" class=\"wp-image-4104416\"  \/><figcaption class=\"wp-element-caption\">Jer\u00f4nimo Rodrigues, governador da Bahia durante entrevista na Bahia Farm Show | Imagem: Guilherme Soares\/Canal Rural Bahia<\/figcaption><\/figure>\n<p>\u201cO papel do Estado \u00e9 mediar. O Estado n\u00e3o pode tomar partido de um lado ou de outro. Eu n\u00e3o vou tomar partido, mesmo pertencendo a um segmento ou a um partido. Meu papel enquanto governador, eleito pela sociedade baiana, \u00e9 estabelecer unidade e promover a paz. Quando necess\u00e1rio, recorro ao Governo Federal para intermediar quest\u00f5es que envolvem terras fora do dom\u00ednio do Estado, como \u00e1reas ind\u00edgenas, de reforma agr\u00e1ria ou de prote\u00e7\u00e3o ambiental. Nesses casos, n\u00e3o posso agir com a seguran\u00e7a p\u00fablica estadual. Existe um limite para a atua\u00e7\u00e3o do governo estadual, e \u00e9 fundamental que o Governo Federal tamb\u00e9m se envolva nesse processo\u201d, declarou.<\/p>\n<p>Com o tema <strong>\u201cAgro Inteligente, Futuro Sustent\u00e1vel\u201d<\/strong>, a Bahia Farm Show recebeu, somente at\u00e9 o meio-dia desta ter\u00e7a-feira, mais de <strong>19 mil visitantes<\/strong>. A expectativa \u00e9 de que o n\u00famero ultrapasse os 100 mil at\u00e9 o encerramento do evento, no pr\u00f3ximo s\u00e1bado.<\/p>\n<hr class=\"wp-block-separator has-alpha-channel-opacity\"\/>\n<p><em>Voc\u00ea tamb\u00e9m pode participar deixando uma sugest\u00e3o de pauta. Siga o\u00a0<a href=\"https:\/\/www.instagram.com\/canalruralbahia\/\">Canal Rural Bahia no Instagram<\/a>\u00a0e nos envie uma mensagem<\/em>.<\/p>\n<\/p><\/div>\n<p><script async src=\"\/\/www.instagram.com\/embed.js\"><\/script><br \/>\n<br \/><br \/>\n<br \/><a href=\"https:\/\/www.canalrural.com.br\/nacional\/bahia\/autoridades-e-liderancas-do-agro-prestigiam-abertura-da-19a-edicao-da-bahia-farm-show\/\">Source link <\/a><\/p>\n","protected":false},"excerpt":{"rendered":"<p>Autoridades estaduais, municipais, lideran\u00e7as do agroneg\u00f3cio, expositores e convidados, estiveram presentes na abertura da 19\u00aa edi\u00e7\u00e3o da Bahia Farm Show,<\/p>\n","protected":false},"author":1,"featured_media":14899,"comment_status":"open","ping_status":"open","sticky":false,"template":"","format":"standard","meta":{"_monsterinsights_skip_tracking":false,"_monsterinsights_sitenote_active":false,"_monsterinsights_sitenote_note":"","_monsterinsights_sitenote_category":0,"_uf_show_specific_survey":0,"_uf_disable_surveys":false,"footnotes":""},"categories":[1],"tags":[],"class_list":["post-14898","post","type-post","status-publish","format-standard","has-post-thumbnail","hentry","category-news"],"_links":{"self":[{"href":"https:\/\/agromt.news\/index.php?rest_route=\/wp\/v2\/posts\/14898"}],"collection":[{"href":"https:\/\/agromt.news\/index.php?rest_route=\/wp\/v2\/posts"}],"about":[{"href":"https:\/\/agromt.news\/index.php?rest_route=\/wp\/v2\/types\/post"}],"author":[{"embeddable":true,"href":"https:\/\/agromt.news\/index.php?rest_route=\/wp\/v2\/users\/1"}],"replies":[{"embeddable":true,"href":"https:\/\/agromt.news\/index.php?rest_route=%2Fwp%2Fv2%2Fcomments&post=14898"}],"version-history":[{"count":0,"href":"https:\/\/agromt.news\/index.php?rest_route=\/wp\/v2\/posts\/14898\/revisions"}],"wp:featuredmedia":[{"embeddable":true,"href":"https:\/\/agromt.news\/index.php?rest_route=\/wp\/v2\/media\/14899"}],"wp:attachment":[{"href":"https:\/\/agromt.news\/index.php?rest_route=%2Fwp%2Fv2%2Fmedia&parent=14898"}],"wp:term":[{"taxonomy":"category","embeddable":true,"href":"https:\/\/agromt.news\/index.php?rest_route=%2Fwp%2Fv2%2Fcategories&post=14898"},{"taxonomy":"post_tag","embeddable":true,"href":"https:\/\/agromt.news\/index.php?rest_route=%2Fwp%2Fv2%2Ftags&post=14898"}],"curies":[{"name":"wp","href":"https:\/\/api.w.org\/{rel}","templated":true}]}}