{"id":14890,"date":"2025-06-10T16:48:30","date_gmt":"2025-06-10T20:48:30","guid":{"rendered":"https:\/\/agromt.news\/?p=14890"},"modified":"2025-06-10T16:48:30","modified_gmt":"2025-06-10T20:48:30","slug":"soja-tem-produtividade-abaixo-do-esperado","status":"publish","type":"post","link":"https:\/\/agromt.news\/?p=14890","title":{"rendered":"Soja tem produtividade abaixo do esperado"},"content":{"rendered":"<p> <br \/>\n<\/p>\n<div>\n<p style=\"text-align:justify\">No Rio Grande do Sul, a\u00a0produ\u00e7\u00e3o de <a href=\"https:\/\/www.agrolink.com.br\/culturas\/soja?utm_source=agrolink-detalhe-noticia&amp;utm_medium=detalhe-noticia&amp;utm_campaign=links-internos\" target=\"_blank\" rel=\"noopener\">soja<\/a>\u00a0encerra a safra 2024\/2025 com forte queda na produtividade, segundo dados divulgados pela Emater\/RS-Ascar nesta quinta-feira (5). A \u00e1rea plantada foi estimada em 6.770.405 hectares, com produtividade m\u00e9dia de 1.957 quilos por hectare \u2014 resultado 38,43% inferior aos 3.179 kg\/ha projetados inicialmente.&#13;\n<\/p>\n<p style=\"text-align:justify\">Em diversas regi\u00f5es do estado, o clima dificultou o avan\u00e7o da colheita e comprometeu os rendimentos. Na regi\u00e3o administrativa de Bag\u00e9, a sequ\u00eancia de dias chuvosos impediu a conclus\u00e3o da colheita nas poucas \u00e1reas ainda em campo. A expectativa \u00e9 que essas lavouras sejam colhidas com a previs\u00e3o de tempo firme para a primeira semana de junho.<\/p>\n<p style=\"text-align:justify\">No munic\u00edpio de Dom Pedrito, onde historicamente as v\u00e1rzeas apresentam bons resultados em anos de La Ni\u00f1a, os rendimentos ficaram abaixo do esperado. \u201cDos 165 mil hectares plantados, cerca de 40 mil estavam em v\u00e1rzeas. Mesmo assim, a m\u00e9dia foi de apenas 1.860 kg\/ha, somando \u00e1reas baixas e de coxilhas\u201d, informou o boletim.&#13;\n<\/p>\n<p style=\"text-align:justify\">Na Campanha, o cen\u00e1rio econ\u00f4mico dos produtores deve limitar o uso imediato do solo. Com recursos escassos, muitos agricultores n\u00e3o t\u00eam condi\u00e7\u00f5es de investir no cultivo de inverno ou na aquisi\u00e7\u00e3o de animais para engorda em pastagens. A tend\u00eancia \u00e9 de que parte das \u00e1reas permane\u00e7a em pousio at\u00e9 a pr\u00f3xima safra de ver\u00e3o.<\/p>\n<p style=\"text-align:justify\">Na regi\u00e3o de Caxias do Sul, parte das \u00e1reas colhidas est\u00e1 em repouso, enquanto outros produtores j\u00e1 iniciaram o plantio de culturas de cobertura e pastagens de inverno. Em Iju\u00ed, a colheita avan\u00e7ou lentamente, com solo ainda \u00famido, mas sem danos aos gr\u00e3os at\u00e9 o momento.&#13;\n<\/p>\n<p style=\"text-align:justify\">J\u00e1 na regional de Pelotas, as chuvas entre os dias 26 e 29 de maio suspenderam os trabalhos no campo, que s\u00f3 foram retomados no fim da semana com a chegada do tempo seco, permitindo a conclus\u00e3o da colheita.<\/p>\n<p style=\"text-align:justify\">Na regi\u00e3o de Santa Rosa, os trabalhos de campo foram encerrados e os produtores se dedicam agora \u00e0s atividades p\u00f3s-colheita.<\/p>\n<\/p><\/div>\n<p><script data-cfasync=\"false\">\n    !function (f, b, e, v, n, t, s) {\n        if (f.fbq) return; n = f.fbq = function () {\n            n.callMethod ?\n                n.callMethod.apply(n, arguments) : n.queue.push(arguments)\n        };\n        if (!f._fbq) f._fbq = n; n.push = n; n.loaded = !0; n.version = '2.0';\n        n.queue = []; t = b.createElement(e); t.async = !0;\n        t.src = v; s = b.getElementsByTagName(e)[0];\n        s.parentNode.insertBefore(t, s)\n    }(window, document, 'script',\n        'https:\/\/connect.facebook.net\/en_US\/fbevents.js');\n    fbq('init', '522546078623747');\n    fbq('track', 'PageView');\n<\/script><br \/>\n<br \/><br \/>\n<br \/><a href=\"https:\/\/www.agrolink.com.br\/noticias\/soja-tem-produtividade-abaixo-do-esperado_502735.html\">Source link <\/a><\/p>\n","protected":false},"excerpt":{"rendered":"<p>No Rio Grande do Sul, a\u00a0produ\u00e7\u00e3o de soja\u00a0encerra a safra 2024\/2025 com forte queda na produtividade, segundo dados divulgados pela<\/p>\n","protected":false},"author":1,"featured_media":5155,"comment_status":"open","ping_status":"open","sticky":false,"template":"","format":"standard","meta":{"_monsterinsights_skip_tracking":false,"_monsterinsights_sitenote_active":false,"_monsterinsights_sitenote_note":"","_monsterinsights_sitenote_category":0,"_uf_show_specific_survey":0,"_uf_disable_surveys":false,"footnotes":""},"categories":[8,1,14],"tags":[],"class_list":["post-14890","post","type-post","status-publish","format-standard","has-post-thumbnail","hentry","category-agro","category-news","category-politica-agro"],"_links":{"self":[{"href":"https:\/\/agromt.news\/index.php?rest_route=\/wp\/v2\/posts\/14890"}],"collection":[{"href":"https:\/\/agromt.news\/index.php?rest_route=\/wp\/v2\/posts"}],"about":[{"href":"https:\/\/agromt.news\/index.php?rest_route=\/wp\/v2\/types\/post"}],"author":[{"embeddable":true,"href":"https:\/\/agromt.news\/index.php?rest_route=\/wp\/v2\/users\/1"}],"replies":[{"embeddable":true,"href":"https:\/\/agromt.news\/index.php?rest_route=%2Fwp%2Fv2%2Fcomments&post=14890"}],"version-history":[{"count":0,"href":"https:\/\/agromt.news\/index.php?rest_route=\/wp\/v2\/posts\/14890\/revisions"}],"wp:featuredmedia":[{"embeddable":true,"href":"https:\/\/agromt.news\/index.php?rest_route=\/wp\/v2\/media\/5155"}],"wp:attachment":[{"href":"https:\/\/agromt.news\/index.php?rest_route=%2Fwp%2Fv2%2Fmedia&parent=14890"}],"wp:term":[{"taxonomy":"category","embeddable":true,"href":"https:\/\/agromt.news\/index.php?rest_route=%2Fwp%2Fv2%2Fcategories&post=14890"},{"taxonomy":"post_tag","embeddable":true,"href":"https:\/\/agromt.news\/index.php?rest_route=%2Fwp%2Fv2%2Ftags&post=14890"}],"curies":[{"name":"wp","href":"https:\/\/api.w.org\/{rel}","templated":true}]}}