{"id":1489,"date":"2024-09-12T16:24:09","date_gmt":"2024-09-12T20:24:09","guid":{"rendered":"https:\/\/agromt.news\/?p=1489"},"modified":"2024-09-12T16:24:09","modified_gmt":"2024-09-12T20:24:09","slug":"23-delegacoes-e-autoridades-mundiais-do-agro-se-reunem-em-mt-para-o-g20-agro","status":"publish","type":"post","link":"https:\/\/agromt.news\/?p=1489","title":{"rendered":"23 delega\u00e7\u00f5es e autoridades mundiais do agro se re\u00fanem em MT para o G20 Agro"},"content":{"rendered":"<p> <br \/>\n<br \/><img decoding=\"async\" src=\"https:\/\/agromt.news\/wp-content\/uploads\/2024\/09\/23-delegacoes-e-autoridades-mundiais-do-agro-se-reunem-em.jpeg\" \/><\/p>\n<div>\n<p>Ap\u00f3s dois dias de reuni\u00f5es t\u00e9cnicas e muito debate, ocorreu na manh\u00e3 desta quinta-feira (12) o G20 Agro. Est\u00e3o reunidos em Chapada dos Guimar\u00e3es, em <strong><a href=\"https:\/\/matogrosso.canalrural.com.br\/\">Mato Grosso<\/a><\/strong>, 23 ministros e autoridades ligadas ao agroneg\u00f3cio mundial. <\/p>\n<p>Na pauta do encontro internacional, temas cruciais como a seguran\u00e7a alimentar, a import\u00e2ncia da agricultura familiar e a sustentabilidade na produ\u00e7\u00e3o agr\u00edcola.<\/p>\n<p>Nos \u00faltimos dois dias foram realizadas discuss\u00f5es com as equipes t\u00e9cnicas e agora os ministros e organismos internacionais convidados v\u00e3o afinar o documento com a declara\u00e7\u00e3o ministerial, que possui a for\u00e7a de um acordo internacional e que necessita da aprova\u00e7\u00e3o de todos os pa\u00edses que formam o G20.<\/p>\n<\/div>\n<div>\n<p>Al\u00e9m do ministro da Agricultura e Pecu\u00e1ria, Carlos F\u00e1varo, anfitri\u00e3o do G20 Agro, participaram da abertura das reuni\u00f5es ministeriais o ministro do Desenvolvimento Agr\u00e1rio e Agricultura Familiar, Paulo Teixeira, o governador de Mato Grosso, Mauro Mendes (Uni\u00e3o Brasil\/MT), o secret\u00e1rio-executivo do Minist\u00e9rio da Pesca e Aquicultura, Rivetla Edipo Araujo Cruz, e atual Diretor-Geral da Organiza\u00e7\u00e3o das Na\u00e7\u00f5es Unidas (ONU) para a Alimenta\u00e7\u00e3o e a Agricultura (FAO) \u00e9 Qu Dongyu, da China.<\/p>\n<h2 class=\"wp-block-heading\" id=\"h-g20-retomada-internacional\">G20: retomada internacional<\/h2>\n<p>Durante a abertura, o ministro Carlos F\u00e1varo destacou que o Brasil sediar o G20 \u00e9 uma oportunidade e retomada do seu protagonismo nas rela\u00e7\u00f5es internacionais.<\/p>\n<p>\u201cUm mundo melhor se d\u00e1 com certeza tamb\u00e9m atrav\u00e9s do combate \u00e0 fome. Este \u00e9 um mundo melhor, dentre outras melhorias que devem ser proporcionadas. E um planeta mais sustent\u00e1vel tem tudo a ver com a agropecu\u00e1ria, que sofre com as mudan\u00e7as clim\u00e1ticas, que sofre junto com toda a popula\u00e7\u00e3o\u201d.<\/p>\n<p>O ministro pontuou ainda que a realiza\u00e7\u00e3o do G20 Agro em Mato Grosso, centro da produ\u00e7\u00e3o brasileira, \u201c\u00e9 uma oportunidade de apresentarmos ao mundo, aos l\u00edderes mundiais, um documento que j\u00e1 est\u00e1 estruturado e ser\u00e1 fechado at\u00e9 amanh\u00e3 com as declara\u00e7\u00f5es dos pr\u00f3ximos passos da agropecu\u00e1ria mundial. Uma agropecu\u00e1ria inclusiva\u201d.<\/p>\n<p>O secret\u00e1rio-executivo do Minist\u00e9rio da Pesca e Aquicultura, Rivetla Edipo Araujo Cruz, ressaltou que \u201co mundo passa por um per\u00edodo de enfrentamento de amea\u00e7as cada vez mais crescentes desde a polui\u00e7\u00e3o por pl\u00e1sticos at\u00e9 os reflexos das mudan\u00e7as clim\u00e1ticas\u201d e que \u201cestes desafios atuais emergentes impactam diretamente a pesca e a aquicultura\u201d.<\/p>\n<h2 class=\"wp-block-heading\" id=\"h-mudancas-climaticas-ocorrem-no-mundo-todo\">Mudan\u00e7as clim\u00e1ticas ocorrem no mundo todo<\/h2>\n<p>A situa\u00e7\u00e3o vivida por Mato Grosso, bem como todo o Brasil, quanto \u00e0s queimadas, na avalia\u00e7\u00e3o do governador do estado, Mauro Mendes, n\u00e3o deve prejudicar os debates que ocorrem no G20 Agro, bem como as rela\u00e7\u00f5es comerciais, uma vez que a situa\u00e7\u00e3o tamb\u00e9m \u00e9 observada em diversos pa\u00edses, como os Estados Unidos.<\/p>\n<p>\u201c\u00c9 uma realidade em que todos n\u00f3s estamos convivendo e vendo as consequ\u00eancias [das mudan\u00e7as clim\u00e1ticas]. Temos que encontrar rapidamente alternativas, encontrar novas formas de nos relacionarmos com o meio ambiente, de produzir de forma mais sustent\u00e1vel e com isso garantir a tranquilidade mundial com a produ\u00e7\u00e3o de alimentos\u201d.<\/p>\n<p>Ao final da programa\u00e7\u00e3o da manh\u00e3, os pa\u00edses que comp\u00f5em o G20 realizaram o plantio simb\u00f3lico de \u00e1rvores frut\u00edferas brasileiras no resort em Chapada dos Guimar\u00e3es onde o evento \u00e9 realizado.<\/p>\n<\/div>\n<p><br \/>\n<br \/><a href=\"https:\/\/www.canalrural.com.br\/agricultura\/23-delegacoes-e-autoridades-mundiais-do-agro-se-reunem-em-mt-para-o-g20-agro\/\">Source link <\/a><\/p>\n","protected":false},"excerpt":{"rendered":"<p>Ap\u00f3s dois dias de reuni\u00f5es t\u00e9cnicas e muito debate, ocorreu na manh\u00e3 desta quinta-feira (12) o G20 Agro. Est\u00e3o reunidos<\/p>\n","protected":false},"author":1,"featured_media":1490,"comment_status":"open","ping_status":"open","sticky":false,"template":"","format":"standard","meta":{"_monsterinsights_skip_tracking":false,"_monsterinsights_sitenote_active":false,"_monsterinsights_sitenote_note":"","_monsterinsights_sitenote_category":0,"_uf_show_specific_survey":0,"_uf_disable_surveys":false,"footnotes":""},"categories":[1],"tags":[],"class_list":["post-1489","post","type-post","status-publish","format-standard","has-post-thumbnail","hentry","category-news"],"_links":{"self":[{"href":"https:\/\/agromt.news\/index.php?rest_route=\/wp\/v2\/posts\/1489"}],"collection":[{"href":"https:\/\/agromt.news\/index.php?rest_route=\/wp\/v2\/posts"}],"about":[{"href":"https:\/\/agromt.news\/index.php?rest_route=\/wp\/v2\/types\/post"}],"author":[{"embeddable":true,"href":"https:\/\/agromt.news\/index.php?rest_route=\/wp\/v2\/users\/1"}],"replies":[{"embeddable":true,"href":"https:\/\/agromt.news\/index.php?rest_route=%2Fwp%2Fv2%2Fcomments&post=1489"}],"version-history":[{"count":0,"href":"https:\/\/agromt.news\/index.php?rest_route=\/wp\/v2\/posts\/1489\/revisions"}],"wp:featuredmedia":[{"embeddable":true,"href":"https:\/\/agromt.news\/index.php?rest_route=\/wp\/v2\/media\/1490"}],"wp:attachment":[{"href":"https:\/\/agromt.news\/index.php?rest_route=%2Fwp%2Fv2%2Fmedia&parent=1489"}],"wp:term":[{"taxonomy":"category","embeddable":true,"href":"https:\/\/agromt.news\/index.php?rest_route=%2Fwp%2Fv2%2Fcategories&post=1489"},{"taxonomy":"post_tag","embeddable":true,"href":"https:\/\/agromt.news\/index.php?rest_route=%2Fwp%2Fv2%2Ftags&post=1489"}],"curies":[{"name":"wp","href":"https:\/\/api.w.org\/{rel}","templated":true}]}}