{"id":14889,"date":"2025-06-10T16:03:01","date_gmt":"2025-06-10T20:03:01","guid":{"rendered":"https:\/\/agromt.news\/?p=14889"},"modified":"2025-06-10T16:03:01","modified_gmt":"2025-06-10T20:03:01","slug":"exportacoes-de-soja-avancam-e-tendencia-de-recorde-se-confirma","status":"publish","type":"post","link":"https:\/\/agromt.news\/?p=14889","title":{"rendered":"Exporta\u00e7\u00f5es de soja avan\u00e7am e tend\u00eancia de recorde se confirma"},"content":{"rendered":"<p> <br \/>\n<br \/><img decoding=\"async\" src=\"https:\/\/agromt.news\/wp-content\/uploads\/2024\/10\/Argentina-soja-1.jpg\" \/><\/p>\n<div>\n<p><a href=\"https:\/\/www.youtube.com\/@CanalruralBr\"\/>O complexo soja foi o destaque do programa<a href=\"https:\/\/www.canalrural.com.br\/?s=+AgroExport+\"> AgroExport <\/a>desta ter\u00e7a-feira (10). Os dados mais recentes mostram que as exporta\u00e7\u00f5es brasileiras do gr\u00e3o, do farelo e do \u00f3leo de soja seguem em alta entre janeiro e maio, refor\u00e7ando a tend\u00eancia de novo recorde em 2025.<\/p>\n<figure class=\"wp-block-embed is-type-video is-provider-youtube wp-block-embed-youtube wp-embed-aspect-16-9 wp-has-aspect-ratio\">\n<p>\n<iframe title=\"Soja: exporta\u00e7\u00f5es avan\u00e7am e tend\u00eancia de recorde se confirma\" width=\"800\" height=\"450\" src=\"https:\/\/www.youtube.com\/embed\/IiBOuOqtosQ?feature=oembed\" frameborder=\"0\" allow=\"accelerometer; autoplay; clipboard-write; encrypted-media; gyroscope; picture-in-picture; web-share\" referrerpolicy=\"strict-origin-when-cross-origin\" allowfullscreen><\/iframe><noscript><iframe title=\"Soja: exporta\u00e7\u00f5es avan\u00e7am e tend\u00eancia de recorde se confirma\" width=\"800\" height=\"450\" src=\"https:\/\/www.youtube.com\/embed\/IiBOuOqtosQ?feature=oembed\" frameborder=\"0\" allow=\"accelerometer; autoplay; clipboard-write; encrypted-media; gyroscope; picture-in-picture; web-share\" referrerpolicy=\"strict-origin-when-cross-origin\" allowfullscreen><\/iframe><\/noscript>\n<\/p>\n<\/figure>\n<p>A for\u00e7a da agroind\u00fastria nacional se reflete na exporta\u00e7\u00e3o de soja em gr\u00e3o e tamb\u00e9m na retomada das vendas externas de farelo e \u00f3leo, mostrando um novo ciclo agroindustrial puxado pela oleaginosa.<\/p>\n<h3 class=\"wp-block-heading\" id=\"h-soja-em-grao-ritmo-acelerado\">Soja em gr\u00e3o: ritmo acelerado<\/h3>\n<p>As exporta\u00e7\u00f5es de soja em gr\u00e3o bateram novo recorde para o per\u00edodo de janeiro a maio: foram 51,5 milh\u00f5es de toneladas embarcadas em 2025, superando as 50,2 milh\u00f5es de toneladas registradas no mesmo per\u00edodo de 2024. O crescimento em rela\u00e7\u00e3o a 2021 \u00e9 ainda mais expressivo, um avan\u00e7o de 11% em cinco anos, partindo de 46,5 milh\u00f5es de toneladas.<\/p>\n<p>O Brasil se consolida como l\u00edder global na exporta\u00e7\u00e3o da soja em gr\u00e3o, impulsionado por uma colheita robusta e pela forte demanda externa.<\/p>\n<h3 class=\"wp-block-heading\" id=\"h-farelo-de-soja-brasil-desafia-lideranca-argentina\">Farelo de soja: Brasil desafia lideran\u00e7a argentina<\/h3>\n<p>Outro destaque \u00e9 o farelo de soja. O pa\u00eds exportou 9,64 milh\u00f5es de toneladas nos primeiros cinco meses de 2025, contra 9,37 milh\u00f5es no mesmo per\u00edodo de 2024. Em um recorte de cinco anos, o volume embarcado cresceu 51% de janeiro a maio, sinal de avan\u00e7o consistente.<\/p>\n<p>O Brasil vem disputando espa\u00e7o com a Argentina, tradicional l\u00edder global na exporta\u00e7\u00e3o de farelo. Em 2022, os brasileiros superaram os argentinos, favorecidos por uma quebra clim\u00e1tica na safra do pa\u00eds vizinho. A expectativa era que a Argentina retomasse sua posi\u00e7\u00e3o, o que n\u00e3o aconteceu. Agora, com uma produ\u00e7\u00e3o est\u00e1vel e crescente, o Brasil se posiciona como um fornecedor confi\u00e1vel e com capacidade industrial para esmagamento.<\/p>\n<\/div>\n<div>\n<p>Essa for\u00e7a agroindustrial mostra que o pa\u00eds pode, de forma org\u00e2nica e consistente, tomar a dianteira no mercado internacional de farelo de soja.<\/p>\n<h3 class=\"wp-block-heading\" id=\"h-oleo-de-soja-retomada-apos-recuo\">\u00d3leo de soja: retomada ap\u00f3s recuo<\/h3>\n<p>As exporta\u00e7\u00f5es de \u00f3leo de soja tamb\u00e9m apontam recupera\u00e7\u00e3o. Em 2025, o Brasil exportou 0,65 milh\u00e3o de toneladas entre janeiro e maio. Embora n\u00e3o seja um recorde, representa um crescimento importante ap\u00f3s a queda em 2024, influenciada pela guerra na Ucr\u00e2nia.<\/p>\n<p>O pico foi em 2022, com 2,6 milh\u00f5es de toneladas exportadas. Ainda n\u00e3o se vislumbra a repeti\u00e7\u00e3o desse desempenho, mas o crescimento atual \u00e9 visto como uma retomada sustent\u00e1vel.<\/p>\n<h3 class=\"wp-block-heading\" id=\"h-complexo\">Complexo <\/h3>\n<p>Somando os embarques de soja em gr\u00e3o, farelo e \u00f3leo, o Brasil exportou 60,05 milh\u00f5es de toneladas de janeiro a maio de 2025. O farelo lidera a puxada das exporta\u00e7\u00f5es no ano, mas todos os segmentos contribu\u00edram para o bom desempenho.<\/p>\n<p>A meta \u00e9 superar os recordes hist\u00f3ricos. No gr\u00e3o, o recorde \u00e9 de 101,8 milh\u00f5es de toneladas exportadas em 2023, e a expectativa \u00e9 alcan\u00e7ar 105 milh\u00f5es em 2025. Para o farelo, o maior volume foi de 23,1 milh\u00f5es de toneladas em 2024, e a proje\u00e7\u00e3o \u00e9 atingir 25 milh\u00f5es, consolidando o Brasil como novo l\u00edder global. J\u00e1 no \u00f3leo, o objetivo \u00e9 ultrapassar o resultado de 2021, quando foram embarcadas 1,65 milh\u00e3o de toneladas.<\/p>\n<h3 class=\"wp-block-heading\" id=\"h-uma-nova-era-para-a-agroindustria-brasileira\">Uma nova era para a agroind\u00fastria brasileira<\/h3>\n<p>Os dados refor\u00e7am que o Brasil vive um novo ciclo agroindustrial, ancorado na for\u00e7a da soja. Mais do que gr\u00e3os, o pa\u00eds est\u00e1 exportando valor agregado, e isso se reflete na consolida\u00e7\u00e3o de sua presen\u00e7a global em todos os segmentos do complexo soja.<\/p>\n<\/p><\/div>\n<p><br \/>\n<br \/><a href=\"https:\/\/www.canalrural.com.br\/agricultura\/projeto-soja-brasil\/exportacoes-de-soja-avancam-e-tendencia-de-recorde-se-confirma\/\">Source link <\/a><\/p>\n","protected":false},"excerpt":{"rendered":"<p>O complexo soja foi o destaque do programa AgroExport desta ter\u00e7a-feira (10). Os dados mais recentes mostram que as exporta\u00e7\u00f5es<\/p>\n","protected":false},"author":1,"featured_media":3815,"comment_status":"open","ping_status":"open","sticky":false,"template":"","format":"standard","meta":{"_monsterinsights_skip_tracking":false,"_monsterinsights_sitenote_active":false,"_monsterinsights_sitenote_note":"","_monsterinsights_sitenote_category":0,"_uf_show_specific_survey":0,"_uf_disable_surveys":false,"footnotes":""},"categories":[1],"tags":[],"class_list":["post-14889","post","type-post","status-publish","format-standard","has-post-thumbnail","hentry","category-news"],"_links":{"self":[{"href":"https:\/\/agromt.news\/index.php?rest_route=\/wp\/v2\/posts\/14889"}],"collection":[{"href":"https:\/\/agromt.news\/index.php?rest_route=\/wp\/v2\/posts"}],"about":[{"href":"https:\/\/agromt.news\/index.php?rest_route=\/wp\/v2\/types\/post"}],"author":[{"embeddable":true,"href":"https:\/\/agromt.news\/index.php?rest_route=\/wp\/v2\/users\/1"}],"replies":[{"embeddable":true,"href":"https:\/\/agromt.news\/index.php?rest_route=%2Fwp%2Fv2%2Fcomments&post=14889"}],"version-history":[{"count":0,"href":"https:\/\/agromt.news\/index.php?rest_route=\/wp\/v2\/posts\/14889\/revisions"}],"wp:featuredmedia":[{"embeddable":true,"href":"https:\/\/agromt.news\/index.php?rest_route=\/wp\/v2\/media\/3815"}],"wp:attachment":[{"href":"https:\/\/agromt.news\/index.php?rest_route=%2Fwp%2Fv2%2Fmedia&parent=14889"}],"wp:term":[{"taxonomy":"category","embeddable":true,"href":"https:\/\/agromt.news\/index.php?rest_route=%2Fwp%2Fv2%2Fcategories&post=14889"},{"taxonomy":"post_tag","embeddable":true,"href":"https:\/\/agromt.news\/index.php?rest_route=%2Fwp%2Fv2%2Ftags&post=14889"}],"curies":[{"name":"wp","href":"https:\/\/api.w.org\/{rel}","templated":true}]}}