{"id":14888,"date":"2025-06-10T15:49:03","date_gmt":"2025-06-10T19:49:03","guid":{"rendered":"https:\/\/agromt.news\/?p=14888"},"modified":"2025-06-10T15:49:03","modified_gmt":"2025-06-10T19:49:03","slug":"tributacao-de-lca-deve-impactar-competitividade-do-setor-diz-abag","status":"publish","type":"post","link":"https:\/\/agromt.news\/?p=14888","title":{"rendered":"Tributa\u00e7\u00e3o de LCA deve impactar competitividade do setor, diz Abag"},"content":{"rendered":"<p> <br \/>\n<br \/><img decoding=\"async\" src=\"https:\/\/agromt.news\/wp-content\/uploads\/2024\/08\/soja-cifrao.jpg\" \/><\/p>\n<div>\n<p>A Associa\u00e7\u00e3o Brasileira do Agroneg\u00f3cio (Abag) publicou nota em que manifesta preocupa\u00e7\u00e3o com a proposta do governo de instituir uma al\u00edquota de 5% de imposto sobre as Letras de Cr\u00e9dito do Agroneg\u00f3cio (LCAs), assim como taxar o Fundo de Investimento em Cadeias Produtivas Agroindustriais (Fiagro) e demais t\u00edtulos privados.<\/p>\n<p>A medida, apresentada pelo ministro da Fazenda, Fernando Haddad, ap\u00f3s reuni\u00e3o com parlamentares no domingo (8), visa substituir a alta do Imposto sobre Opera\u00e7\u00f5es Financeiras (IOF) por compensa\u00e7\u00f5es de taxa\u00e7\u00e3o tamb\u00e9m de apostas eletr\u00f4nicas (bets) e outras medidas sobre o sistema financeiro.<\/p>\n<p>Para a Abag, a medida em rela\u00e7\u00e3o ao agro, se confirmada, deve comprometer uma das principais fontes de financiamento privado a um dos maiores setores da economia brasileira \u2013 que representa um quarto do PIB e 26% dos empregos \u2013, afetando diretamente a competitividade, a previsibilidade e a seguran\u00e7a financeira dos produtores rurais e das cadeias produtivas como um todo.<\/p>\n<\/div>\n<div>\n<p>\u201cAs LCAs t\u00eam sido fundamentais para direcionar recursos de mercado ao agroneg\u00f3cio, com baixo risco e est\u00edmulo ao investimento de longo prazo. A poss\u00edvel tributa\u00e7\u00e3o pode desestimular as aplica\u00e7\u00f5es, encarecer o cr\u00e9dito para o campo e impactar os custos de produ\u00e7\u00e3o, com reflexos negativos para toda a sociedade, pressionando a infla\u00e7\u00e3o e aumentando o pre\u00e7o dos alimentos\u201d, diz a nota da Abag.<\/p>\n<p>A Associa\u00e7\u00e3o destaca a import\u00e2ncia de um di\u00e1logo construtivo entre governo, setor produtivo e mercado financeiro para que eventuais mudan\u00e7as tribut\u00e1rias n\u00e3o comprometam os mecanismos que equilibram o crescimento sustent\u00e1vel e a seguran\u00e7a alimentar e energ\u00e9tica do pa\u00eds. <\/p>\n<p>O presidente da Frente Parlamentar da Agropecu\u00e1ria (FPA), deputado federal Pedro Lupion (PP-PR), <strong><a href=\"https:\/\/www.canalrural.com.br\/economia\/fpa-critica-novo-pacote-de-tributos-do-governo\/\">tamb\u00e9m criticou a proposta<\/a><\/strong>. \u201cEles (governo) sabem que (o Congresso) n\u00e3o tem como aceitar isso, sabem que isso \u00e9 prejudicial para o setor que carrega a nossa economia. N\u00e3o vamos nos calar\u201d, afirmou.<\/p>\n<\/p><\/div>\n<p><br \/>\n<br \/><a href=\"https:\/\/www.canalrural.com.br\/economia\/tributacao-de-lca-deve-impactar-competitividade-do-setor-diz-abag\/\">Source link <\/a><\/p>\n","protected":false},"excerpt":{"rendered":"<p>A Associa\u00e7\u00e3o Brasileira do Agroneg\u00f3cio (Abag) publicou nota em que manifesta preocupa\u00e7\u00e3o com a proposta do governo de instituir uma<\/p>\n","protected":false},"author":1,"featured_media":896,"comment_status":"open","ping_status":"open","sticky":false,"template":"","format":"standard","meta":{"_monsterinsights_skip_tracking":false,"_monsterinsights_sitenote_active":false,"_monsterinsights_sitenote_note":"","_monsterinsights_sitenote_category":0,"_uf_show_specific_survey":0,"_uf_disable_surveys":false,"footnotes":""},"categories":[1],"tags":[],"class_list":["post-14888","post","type-post","status-publish","format-standard","has-post-thumbnail","hentry","category-news"],"_links":{"self":[{"href":"https:\/\/agromt.news\/index.php?rest_route=\/wp\/v2\/posts\/14888"}],"collection":[{"href":"https:\/\/agromt.news\/index.php?rest_route=\/wp\/v2\/posts"}],"about":[{"href":"https:\/\/agromt.news\/index.php?rest_route=\/wp\/v2\/types\/post"}],"author":[{"embeddable":true,"href":"https:\/\/agromt.news\/index.php?rest_route=\/wp\/v2\/users\/1"}],"replies":[{"embeddable":true,"href":"https:\/\/agromt.news\/index.php?rest_route=%2Fwp%2Fv2%2Fcomments&post=14888"}],"version-history":[{"count":0,"href":"https:\/\/agromt.news\/index.php?rest_route=\/wp\/v2\/posts\/14888\/revisions"}],"wp:featuredmedia":[{"embeddable":true,"href":"https:\/\/agromt.news\/index.php?rest_route=\/wp\/v2\/media\/896"}],"wp:attachment":[{"href":"https:\/\/agromt.news\/index.php?rest_route=%2Fwp%2Fv2%2Fmedia&parent=14888"}],"wp:term":[{"taxonomy":"category","embeddable":true,"href":"https:\/\/agromt.news\/index.php?rest_route=%2Fwp%2Fv2%2Fcategories&post=14888"},{"taxonomy":"post_tag","embeddable":true,"href":"https:\/\/agromt.news\/index.php?rest_route=%2Fwp%2Fv2%2Ftags&post=14888"}],"curies":[{"name":"wp","href":"https:\/\/api.w.org\/{rel}","templated":true}]}}