{"id":14881,"date":"2025-06-10T11:52:40","date_gmt":"2025-06-10T15:52:40","guid":{"rendered":"https:\/\/agromt.news\/?p=14881"},"modified":"2025-06-10T11:52:40","modified_gmt":"2025-06-10T15:52:40","slug":"nova-massa-de-ar-polar-traz-frio-intenso-e-geada-saiba-quando","status":"publish","type":"post","link":"https:\/\/agromt.news\/?p=14881","title":{"rendered":"Nova massa de ar polar traz frio intenso e geada; saiba quando"},"content":{"rendered":"<p> <br \/>\n<br \/><img decoding=\"async\" src=\"https:\/\/agromt.news\/wp-content\/uploads\/2025\/06\/Nova-massa-de-ar-polar-traz-frio-intenso-e-geada.jpg\" \/><\/p>\n<div>\n<p>Uma nova massa de ar frio de origem polar avan\u00e7a sobre a regi\u00e3o Sul e provoca acentuada queda nas temperaturas, segundo an\u00e1lise da <strong><a href=\"https:\/\/www.canalrural.com.br\/autor\/climatempo\/\">Climatempo<\/a><\/strong>. O ar seco e gelado reduz a umidade, inibe a forma\u00e7\u00e3o de nuvens carregadas e diminui o risco de granizo at\u00e9 o fim da semana.<\/p>\n<p>Na manh\u00e3 desta ter\u00e7a-feira (10), as temperaturas j\u00e1 ficaram abaixo de 10\u202f\u00b0C em grande parte da regi\u00e3o. As \u00e1reas mais afetadas foram o sul do <strong><a href=\"https:\/\/www.canalrural.com.br\/nacional\/parana\/\">Paran\u00e1<\/a><\/strong>, os planaltos e a serra de Santa Catarina e o centro-sul e oeste do Rio Grande do Sul, com potencial para forma\u00e7\u00e3o de geada \u2014 fen\u00f4meno que pode causar danos a planta\u00e7\u00f5es e pastagens se ocorrer com frequ\u00eancia e intensidade.<\/p>\n<p>No \u00faltimo fim de semana, Santa Catarina e o Paran\u00e1 registraram fortes pancadas de chuva. Em Curitiba, o acumulado chegou a cerca de 100 mm. Na segunda-feira (9), uma queda intensa de granizo atingiu S\u00e3o Joaquim (SC), deixando o solo branco e dificultando o tr\u00e1fego. A forma\u00e7\u00e3o das nuvens foi favorecida pela combina\u00e7\u00e3o de ar \u00famido na serra, temperaturas muito baixas em n\u00edveis elevados da atmosfera e a atua\u00e7\u00e3o de um ciclone extratropical na costa da regi\u00e3o.<\/p>\n<\/div>\n<div>\n<hr class=\"wp-block-separator has-alpha-channel-opacity\"\/>\n<h3 class=\"wp-block-heading\" id=\"h-novo-pulso-de-ar-polar-reforca-o-frio-ate-sexta-feira\"><strong>Novo pulso de ar polar refor\u00e7a o frio at\u00e9 sexta-feira<\/strong><\/h3>\n<p>A partir de quarta-feira (11), uma segunda massa de ar frio chega ao Sul. Apesar de ter sua parte mais intensa sobre o oceano \u2014 o que reduz o impacto t\u00e9rmico \u2014 o frio persistir\u00e1 at\u00e9 o fim da semana. Entre os dias 11 e 13 de junho, h\u00e1 risco de geada no sul do Paran\u00e1 e nas \u00e1reas elevadas de Santa Catarina e Rio Grande do Sul.<\/p>\n<p>Mesmo com presen\u00e7a do sol, as tardes devem seguir amenas. A entrada de umidade mar\u00edtima pode gerar nebulosidade em \u00e1reas do leste do Paran\u00e1 e no Vale do Itaja\u00ed (SC), mas a chance de chuva \u00e9 baixa.<\/p>\n<hr class=\"wp-block-separator has-alpha-channel-opacity\"\/>\n<h3 class=\"wp-block-heading\" id=\"h-porto-alegre-pode-bater-novo-recorde-de-frio\"><strong>Porto Alegre pode bater novo recorde de frio<\/strong><\/h3>\n<p>A capital ga\u00facha pode registrar o dia mais frio do ano. A previs\u00e3o da Climatempo para quarta-feira (11) indica m\u00ednima de 5\u202f\u00b0C, o que supera o atual recorde de 5,7\u202f\u00b0C registrado em 2 de junho, conforme dados do Instituto Nacional de Meteorologia (Inmet).<\/p>\n<h3 class=\"wp-block-heading\"><strong>Instabilidade retorna no fim de semana<\/strong><\/h3>\n<p>A Climatempo alerta para mudan\u00e7as bruscas no tempo no pr\u00f3ximo fim de semana. Novas \u00e1reas de instabilidade devem se espalhar sobre o Sul do Brasil, com aumento da nebulosidade e risco de temporais e queda de granizo. A popula\u00e7\u00e3o deve acompanhar as atualiza\u00e7\u00f5es meteorol\u00f3gicas nos pr\u00f3ximos dias.<\/p>\n<\/p><\/div>\n<p><br \/>\n<br \/><a href=\"https:\/\/www.canalrural.com.br\/diversos\/nova-massa-de-ar-polar-traz-frio-intenso-e-geada-saiba-quando\/\">Source link <\/a><\/p>\n","protected":false},"excerpt":{"rendered":"<p>Uma nova massa de ar frio de origem polar avan\u00e7a sobre a regi\u00e3o Sul e provoca acentuada queda nas temperaturas,<\/p>\n","protected":false},"author":1,"featured_media":14882,"comment_status":"open","ping_status":"open","sticky":false,"template":"","format":"standard","meta":{"_monsterinsights_skip_tracking":false,"_monsterinsights_sitenote_active":false,"_monsterinsights_sitenote_note":"","_monsterinsights_sitenote_category":0,"_uf_show_specific_survey":0,"_uf_disable_surveys":false,"footnotes":""},"categories":[1],"tags":[],"class_list":["post-14881","post","type-post","status-publish","format-standard","has-post-thumbnail","hentry","category-news"],"_links":{"self":[{"href":"https:\/\/agromt.news\/index.php?rest_route=\/wp\/v2\/posts\/14881"}],"collection":[{"href":"https:\/\/agromt.news\/index.php?rest_route=\/wp\/v2\/posts"}],"about":[{"href":"https:\/\/agromt.news\/index.php?rest_route=\/wp\/v2\/types\/post"}],"author":[{"embeddable":true,"href":"https:\/\/agromt.news\/index.php?rest_route=\/wp\/v2\/users\/1"}],"replies":[{"embeddable":true,"href":"https:\/\/agromt.news\/index.php?rest_route=%2Fwp%2Fv2%2Fcomments&post=14881"}],"version-history":[{"count":0,"href":"https:\/\/agromt.news\/index.php?rest_route=\/wp\/v2\/posts\/14881\/revisions"}],"wp:featuredmedia":[{"embeddable":true,"href":"https:\/\/agromt.news\/index.php?rest_route=\/wp\/v2\/media\/14882"}],"wp:attachment":[{"href":"https:\/\/agromt.news\/index.php?rest_route=%2Fwp%2Fv2%2Fmedia&parent=14881"}],"wp:term":[{"taxonomy":"category","embeddable":true,"href":"https:\/\/agromt.news\/index.php?rest_route=%2Fwp%2Fv2%2Fcategories&post=14881"},{"taxonomy":"post_tag","embeddable":true,"href":"https:\/\/agromt.news\/index.php?rest_route=%2Fwp%2Fv2%2Ftags&post=14881"}],"curies":[{"name":"wp","href":"https:\/\/api.w.org\/{rel}","templated":true}]}}