{"id":14879,"date":"2025-06-10T10:46:07","date_gmt":"2025-06-10T14:46:07","guid":{"rendered":"https:\/\/agromt.news\/?p=14879"},"modified":"2025-06-10T10:46:07","modified_gmt":"2025-06-10T14:46:07","slug":"expansao-da-soja-perde-forca-no-brasil-com-recuo-no-parana","status":"publish","type":"post","link":"https:\/\/agromt.news\/?p=14879","title":{"rendered":"Expans\u00e3o da soja perde for\u00e7a no Brasil com recuo no Paran\u00e1"},"content":{"rendered":"<p> <br \/>\n<\/p>\n<div>\n<p style=\"text-align:justify\">O crescimento da \u00e1rea plantada de <a href=\"https:\/\/www.agrolink.com.br\/culturas\/soja?utm_source=agrolink-detalhe-noticia&amp;utm_medium=detalhe-noticia&amp;utm_campaign=links-internos\" target=\"_blank\" rel=\"noopener\">soja<\/a>\u00a0tem mostrado sinais de desacelera\u00e7\u00e3o no Brasil, conforme apontam os dados mais recentes da EEmovel, empresa especializada em mapeamento agr\u00edcola. O recuo mais expressivo foi registrado no Paran\u00e1, onde a \u00e1rea cultivada na safra 2024\/25 foi de 4,55 milh\u00f5es de hectares, o que corresponde a 89% da estimativa inicial. Na safra anterior, o \u00edndice havia sido de 94%, com um total de 5 milh\u00f5es de hectares.&#13;\n<\/p>\n<p style=\"text-align:justify\">No Mato Grosso, maior produtor nacional, a \u00e1rea plantada chegou a 10,17 milh\u00f5es de hectares, atingindo 98% da estimativa e superando os 8 milh\u00f5es registrados na safra passada, que correspondiam a 95% da proje\u00e7\u00e3o. Apesar do crescimento em alguns estados, o ritmo de expans\u00e3o da soja est\u00e1 menor no cen\u00e1rio nacional.<\/p>\n<p style=\"text-align:justify\">A desacelera\u00e7\u00e3o do avan\u00e7o nas lavouras reflete um momento de cautela no setor. De acordo com a Associa\u00e7\u00e3o Nacional dos Exportadores de Cereais (Anec), as exporta\u00e7\u00f5es de soja ca\u00edram 6,46% em maio de 2025, em compara\u00e7\u00e3o ao mesmo per\u00edodo de 2024. Em janeiro deste ano, a queda foi mais acentuada, pr\u00f3xima a 50%.&#13;\n<\/p>\n<p style=\"text-align:justify\">A eleva\u00e7\u00e3o dos custos de produ\u00e7\u00e3o, com destaque para fertilizantes e defensivos agr\u00edcolas, contribui para o cen\u00e1rio de retra\u00e7\u00e3o. O aumento das press\u00f5es log\u00edsticas e comerciais internacionais tamb\u00e9m tem afetado a tomada de decis\u00f5es no campo. Segundo Luiz Almeida, diretor de opera\u00e7\u00f5es do Agro da EEmovel, os produtores est\u00e3o ajustando suas estrat\u00e9gias frente ao novo contexto. \u201cEstamos observando uma mudan\u00e7a estrat\u00e9gica por parte dos produtores. A busca por maior produtividade com menor risco e o uso mais eficiente dos recursos est\u00e1 moldando um novo perfil de produ\u00e7\u00e3o\u201d, afirmou.<\/p>\n<p style=\"text-align:justify\">O setor vive, portanto, um momento de transi\u00e7\u00e3o, priorizando efici\u00eancia e gest\u00e3o de riscos em detrimento da simples amplia\u00e7\u00e3o da \u00e1rea plantada. Essa tend\u00eancia sinaliza uma matura\u00e7\u00e3o no agroneg\u00f3cio brasileiro, que busca alternativas para manter a competitividade diante de um mercado externo mais vol\u00e1til.&#13;\n<\/p>\n<\/p><\/div>\n<p><script data-cfasync=\"false\">\n    !function (f, b, e, v, n, t, s) {\n        if (f.fbq) return; n = f.fbq = function () {\n            n.callMethod ?\n                n.callMethod.apply(n, arguments) : n.queue.push(arguments)\n        };\n        if (!f._fbq) f._fbq = n; n.push = n; n.loaded = !0; n.version = '2.0';\n        n.queue = []; t = b.createElement(e); t.async = !0;\n        t.src = v; s = b.getElementsByTagName(e)[0];\n        s.parentNode.insertBefore(t, s)\n    }(window, document, 'script',\n        'https:\/\/connect.facebook.net\/en_US\/fbevents.js');\n    fbq('init', '522546078623747');\n    fbq('track', 'PageView');\n<\/script><br \/>\n<br \/><br \/>\n<br \/><a href=\"https:\/\/www.agrolink.com.br\/noticias\/expansao-da-soja-perde-forca-no-brasil-com-recuo-no-parana_502739.html\">Source link <\/a><\/p>\n","protected":false},"excerpt":{"rendered":"<p>O crescimento da \u00e1rea plantada de soja\u00a0tem mostrado sinais de desacelera\u00e7\u00e3o no Brasil, conforme apontam os dados mais recentes da<\/p>\n","protected":false},"author":1,"featured_media":7987,"comment_status":"open","ping_status":"open","sticky":false,"template":"","format":"standard","meta":{"_monsterinsights_skip_tracking":false,"_monsterinsights_sitenote_active":false,"_monsterinsights_sitenote_note":"","_monsterinsights_sitenote_category":0,"_uf_show_specific_survey":0,"_uf_disable_surveys":false,"footnotes":""},"categories":[8,1,14],"tags":[],"class_list":["post-14879","post","type-post","status-publish","format-standard","has-post-thumbnail","hentry","category-agro","category-news","category-politica-agro"],"_links":{"self":[{"href":"https:\/\/agromt.news\/index.php?rest_route=\/wp\/v2\/posts\/14879"}],"collection":[{"href":"https:\/\/agromt.news\/index.php?rest_route=\/wp\/v2\/posts"}],"about":[{"href":"https:\/\/agromt.news\/index.php?rest_route=\/wp\/v2\/types\/post"}],"author":[{"embeddable":true,"href":"https:\/\/agromt.news\/index.php?rest_route=\/wp\/v2\/users\/1"}],"replies":[{"embeddable":true,"href":"https:\/\/agromt.news\/index.php?rest_route=%2Fwp%2Fv2%2Fcomments&post=14879"}],"version-history":[{"count":0,"href":"https:\/\/agromt.news\/index.php?rest_route=\/wp\/v2\/posts\/14879\/revisions"}],"wp:featuredmedia":[{"embeddable":true,"href":"https:\/\/agromt.news\/index.php?rest_route=\/wp\/v2\/media\/7987"}],"wp:attachment":[{"href":"https:\/\/agromt.news\/index.php?rest_route=%2Fwp%2Fv2%2Fmedia&parent=14879"}],"wp:term":[{"taxonomy":"category","embeddable":true,"href":"https:\/\/agromt.news\/index.php?rest_route=%2Fwp%2Fv2%2Fcategories&post=14879"},{"taxonomy":"post_tag","embeddable":true,"href":"https:\/\/agromt.news\/index.php?rest_route=%2Fwp%2Fv2%2Ftags&post=14879"}],"curies":[{"name":"wp","href":"https:\/\/api.w.org\/{rel}","templated":true}]}}