{"id":14876,"date":"2025-06-10T10:23:18","date_gmt":"2025-06-10T14:23:18","guid":{"rendered":"https:\/\/agromt.news\/?p=14876"},"modified":"2025-06-10T10:23:18","modified_gmt":"2025-06-10T14:23:18","slug":"importacoes-batem-o-recorde-dos-ultimos-24-anos","status":"publish","type":"post","link":"https:\/\/agromt.news\/?p=14876","title":{"rendered":"importa\u00e7\u00f5es batem o recorde dos \u00faltimos 24 anos"},"content":{"rendered":"<p> <br \/>\n<br \/><img decoding=\"async\" src=\"https:\/\/agromt.news\/wp-content\/uploads\/2024\/09\/prejuizo-com-quebra-da-safra-de-trigo-do-PR-e.jpg\" \/><\/p>\n<div>\n<p>As importa\u00e7\u00f5es brasileiras de trigo seguem crescentes em 2025, somando na parcial dos cinco primeiros anos do ano, 3,092 milh\u00f5es de toneladas, o maior volume desde 2001. \u00c9 isso que mostram os dados da <a href=\"https:\/\/www.canalrural.com.br\/tag\/Secex\/\">Secretaria de Com\u00e9rcio Exterior (Secex)<\/a>, analisados pelo <a href=\"https:\/\/www.canalrural.com.br\/tag\/cepea\/\">Cepea<\/a>.<\/p>\n<p>Em 12 meses, chegaram ao pa\u00eds quase 7 milh\u00f5es de toneladas, quantidade que n\u00e3o era registrada h\u00e1 seis anos. Segundo o Centro de Pesquisas, o avan\u00e7o na disponibilidade de trigo da Argentina nos \u00faltimos dois anos favoreceu as compras brasileiras.\u00a0<\/p>\n<p>Neste fluxo, pesquisadores explicam que os moinhos nacionais seguem com estoques satisfat\u00f3rios. Dessa forma, n\u00e3o h\u00e1 necessidade de aquisi\u00e7\u00f5es intensas neste per\u00edodo de entressafra brasileira.\u00a0<\/p>\n<\/div>\n<div>\n<p>Os produtores, por sua vez, est\u00e3o com as aten\u00e7\u00f5es voltadas \u00e0s atividades de campo para a nova temporada. Quanto aos pre\u00e7os, levantamentos do Cepea mostram que as cota\u00e7\u00f5es do trigo em gr\u00e3o seguem pressionadas desde abril, quando atingiram os maiores valores do ano. A liquidez continua baixa, com negocia\u00e7\u00f5es de lotes pontuais.<\/p>\n<p><em>*Sob supervis\u00e3o de Luis Roberto Toledo<\/em><\/p>\n<\/p><\/div>\n<p><br \/>\n<br \/><a href=\"https:\/\/www.canalrural.com.br\/agricultura\/trigo-importacoes-batem-o-recorde-dos-ultimos-24-anos\/\">Source link <\/a><\/p>\n","protected":false},"excerpt":{"rendered":"<p>As importa\u00e7\u00f5es brasileiras de trigo seguem crescentes em 2025, somando na parcial dos cinco primeiros anos do ano, 3,092 milh\u00f5es<\/p>\n","protected":false},"author":1,"featured_media":2508,"comment_status":"open","ping_status":"open","sticky":false,"template":"","format":"standard","meta":{"_monsterinsights_skip_tracking":false,"_monsterinsights_sitenote_active":false,"_monsterinsights_sitenote_note":"","_monsterinsights_sitenote_category":0,"_uf_show_specific_survey":0,"_uf_disable_surveys":false,"footnotes":""},"categories":[1],"tags":[],"class_list":["post-14876","post","type-post","status-publish","format-standard","has-post-thumbnail","hentry","category-news"],"_links":{"self":[{"href":"https:\/\/agromt.news\/index.php?rest_route=\/wp\/v2\/posts\/14876"}],"collection":[{"href":"https:\/\/agromt.news\/index.php?rest_route=\/wp\/v2\/posts"}],"about":[{"href":"https:\/\/agromt.news\/index.php?rest_route=\/wp\/v2\/types\/post"}],"author":[{"embeddable":true,"href":"https:\/\/agromt.news\/index.php?rest_route=\/wp\/v2\/users\/1"}],"replies":[{"embeddable":true,"href":"https:\/\/agromt.news\/index.php?rest_route=%2Fwp%2Fv2%2Fcomments&post=14876"}],"version-history":[{"count":0,"href":"https:\/\/agromt.news\/index.php?rest_route=\/wp\/v2\/posts\/14876\/revisions"}],"wp:featuredmedia":[{"embeddable":true,"href":"https:\/\/agromt.news\/index.php?rest_route=\/wp\/v2\/media\/2508"}],"wp:attachment":[{"href":"https:\/\/agromt.news\/index.php?rest_route=%2Fwp%2Fv2%2Fmedia&parent=14876"}],"wp:term":[{"taxonomy":"category","embeddable":true,"href":"https:\/\/agromt.news\/index.php?rest_route=%2Fwp%2Fv2%2Fcategories&post=14876"},{"taxonomy":"post_tag","embeddable":true,"href":"https:\/\/agromt.news\/index.php?rest_route=%2Fwp%2Fv2%2Ftags&post=14876"}],"curies":[{"name":"wp","href":"https:\/\/api.w.org\/{rel}","templated":true}]}}