{"id":14870,"date":"2025-06-10T08:47:27","date_gmt":"2025-06-10T12:47:27","guid":{"rendered":"https:\/\/agromt.news\/?p=14870"},"modified":"2025-06-10T08:47:27","modified_gmt":"2025-06-10T12:47:27","slug":"novo-ciclo-para-a-pecuaria-e-consolida-protagonismo-de-ms","status":"publish","type":"post","link":"https:\/\/agromt.news\/?p=14870","title":{"rendered":"Novo ciclo para a pecu\u00e1ria e consolida protagonismo de MS"},"content":{"rendered":"<p> <br \/>\n<\/p>\n<div>\n<div class=\"row\">\n<div class=\"col-lg col-infos mt-0 mt-lg-0\">\n<div class=\"section-sub-title\">\n<p itemprop=\"description\">&#13;<br \/>\n                                O painel \u201cCadeias Produtivas da Agroind\u00fastria\u201d aprofundou as an\u00e1lises&#13;\n                            <\/p>\n<\/p><\/div>\n<div class=\"container\">\n<div class=\"row\">\n<div class=\"col-lg p-0\">\n<div>\n<div class=\"block-news-main-infos mt-3 text-start\">\n<p>                                            <strong class=\"fn\" itemprop=\"author\" style=\"color: rgb(112, 112, 112); \">&#13;<br \/>\n                                                <a href=\"https:\/\/www.agrolink.com.br\/noticias\/javascript:;\" class=\"text-uppercase\" target=\"_blank\" style=\"color: rgb(112, 112, 112); \" rel=\"noopener\">Agrolink<\/a>&#13;<br \/>\n&#13;<br \/>\n                                                    &#8211; Leonardo Gottems&#13;<br \/>\n&#13;<br \/>\n                                            <\/strong><br \/>\n                                        <\/p>\n<p>                                            <abbr><time datetime=\"2025-06-09T15:54\" itemprop=\"datePublished dateModified\">Publicado em 09\/06\/2025 \u00e0s 15:54h.<\/time><\/abbr><br \/>\n                                            <\/p><\/div>\n<\/p><\/div>\n<\/p><\/div>\n<div class=\"col-lg p-0 text-lg-end\">\n<div>\n<div id=\"mdEnviarPagina\" class=\"modal fade\" role=\"dialog\">\n<div class=\"modal-dialog\">\n<div class=\"modal-content\">\n<div class=\"modal-body\">\n<p><strong>Estimado usu\u00e1rio.<\/strong><br \/>Preencha o formul\u00e1rio abaixo para remeter a p\u00e1gina.<\/p>\n<\/p><\/div>\n<\/p><\/div>\n<\/p><\/div>\n<\/div><\/div>\n<\/p><\/div>\n<\/p><\/div>\n<\/p><\/div>\n<\/p><\/div>\n<\/p><\/div>\n<div class=\"row justify-content-md-center mt-3\">\n<div class=\"col-lg-auto col-image block-news-main-image\">\n<p>                                <img decoding=\"async\" src=\"https:\/\/www.agrolink.com.br\/upload\/imagens-resizes\/cc11b275d3304074ae685e693bf9749c_858x483.jpg\" class=\"lazyload img-fluid\" alt=\"O painel \u201cCadeias Produtivas da Agroind\u00fastria\u201d aprofundou as an\u00e1lises sobre os diferentes setores\"\/><br \/>\n                                                <span class=\"d-block mt-1\">O painel \u201cCadeias Produtivas da Agroind\u00fastria\u201d aprofundou as an\u00e1lises sobre os diferentes setores &#8211; Foto: Nadia Borges<\/span><\/p><\/div>\n<\/p><\/div>\n<div class=\"section-description section-description-noticias mt-3\">\n<p>O Interagro 2025, realizado pelo Sindicato Rural de Campo Grande, Rochedo e Corguinho (SRCG), reuniu especialistas e representantes das cadeias produtivas da pecu\u00e1ria de corte, <a href=\"https:\/\/www.agrolink.com.br\/cotacoes\/carnes\/bovinos\/?utm_source=agrolink-detalhe-noticia&amp;utm_medium=detalhe-noticia&amp;utm_campaign=links-internos\" target=\"_blank\" rel=\"noopener\">leite<\/a>, avicultura e suinocultura para debater os rumos do setor diante do cen\u00e1rio de retomada econ\u00f4mica e desafios geopol\u00edticos. O evento destacou proje\u00e7\u00f5es otimistas para os principais segmentos da pecu\u00e1ria nacional, apontando Mato Grosso do Sul como um dos polos estrat\u00e9gicos para o desenvolvimento agroindustrial.&#13;\n<\/p>\n<p>Durante o encontro, foi apresentado um panorama que indica o fim da fase de press\u00e3o nos pre\u00e7os da pecu\u00e1ria de corte, causada pelo excesso de abate de f\u00eameas. Com a recupera\u00e7\u00e3o das margens dos produtores e a perspectiva de valoriza\u00e7\u00e3o do boi gordo e dos animais de reposi\u00e7\u00e3o, os pr\u00f3ximos dois anos devem marcar um ciclo de crescimento. No caso de Mato Grosso do Sul, a menor diferen\u00e7a entre os pre\u00e7os da arroba no estado e em S\u00e3o Paulo fortalece estrat\u00e9gias comerciais e facilita opera\u00e7\u00f5es na Bolsa, ampliando a competitividade dos pecuaristas locais.<\/p>\n<p>Apesar do ambiente favor\u00e1vel no mercado interno, os participantes do evento ressaltaram que o cen\u00e1rio internacional continua inst\u00e1vel. As guerras na Europa e no Oriente M\u00e9dio, somadas \u00e0s tens\u00f5es comerciais envolvendo grandes pot\u00eancias, afetam a oferta global de alimentos e insumos, exigindo resili\u00eancia e capacidade de adapta\u00e7\u00e3o dos produtores brasileiros.&#13;\n<\/p>\n<p>O painel \u201cCadeias Produtivas da Agroind\u00fastria\u201d aprofundou as an\u00e1lises sobre os diferentes setores. A suinocultura se destacou como um segmento em expans\u00e3o no estado, com crescimento expressivo do rebanho e atra\u00e7\u00e3o de investimentos em tecnologia e estrutura produtiva. O associativismo tamb\u00e9m foi apontado como ferramenta estrat\u00e9gica para ampliar a rentabilidade e fortalecer o poder de negocia\u00e7\u00e3o dos produtores.\u00a0<br \/>&#13;<br \/>\n\u00a0<\/p>\n<\/p><\/div>\n<\/p><\/div>\n<p><script data-cfasync=\"false\">\n    !function (f, b, e, v, n, t, s) {\n        if (f.fbq) return; n = f.fbq = function () {\n            n.callMethod ?\n                n.callMethod.apply(n, arguments) : n.queue.push(arguments)\n        };\n        if (!f._fbq) f._fbq = n; n.push = n; n.loaded = !0; n.version = '2.0';\n        n.queue = []; t = b.createElement(e); t.async = !0;\n        t.src = v; s = b.getElementsByTagName(e)[0];\n        s.parentNode.insertBefore(t, s)\n    }(window, document, 'script',\n        'https:\/\/connect.facebook.net\/en_US\/fbevents.js');\n    fbq('init', '522546078623747');\n    fbq('track', 'PageView');\n<\/script><br \/>\n<br \/><br \/>\n<br \/><a href=\"https:\/\/www.agrolink.com.br\/noticias\/novo-ciclo-para-a-pecuaria-e-consolida-protagonismo-de-ms_502740.html\">Source link <\/a><\/p>\n","protected":false},"excerpt":{"rendered":"<p>&#13; O painel \u201cCadeias Produtivas da Agroind\u00fastria\u201d aprofundou as an\u00e1lises&#13; &#13; Agrolink&#13; &#13; &#8211; Leonardo Gottems&#13; &#13; Publicado em 09\/06\/2025<\/p>\n","protected":false},"author":1,"featured_media":5838,"comment_status":"open","ping_status":"open","sticky":false,"template":"","format":"standard","meta":{"_monsterinsights_skip_tracking":false,"_monsterinsights_sitenote_active":false,"_monsterinsights_sitenote_note":"","_monsterinsights_sitenote_category":0,"_uf_show_specific_survey":0,"_uf_disable_surveys":false,"footnotes":""},"categories":[8,1,14],"tags":[],"class_list":["post-14870","post","type-post","status-publish","format-standard","has-post-thumbnail","hentry","category-agro","category-news","category-politica-agro"],"_links":{"self":[{"href":"https:\/\/agromt.news\/index.php?rest_route=\/wp\/v2\/posts\/14870"}],"collection":[{"href":"https:\/\/agromt.news\/index.php?rest_route=\/wp\/v2\/posts"}],"about":[{"href":"https:\/\/agromt.news\/index.php?rest_route=\/wp\/v2\/types\/post"}],"author":[{"embeddable":true,"href":"https:\/\/agromt.news\/index.php?rest_route=\/wp\/v2\/users\/1"}],"replies":[{"embeddable":true,"href":"https:\/\/agromt.news\/index.php?rest_route=%2Fwp%2Fv2%2Fcomments&post=14870"}],"version-history":[{"count":0,"href":"https:\/\/agromt.news\/index.php?rest_route=\/wp\/v2\/posts\/14870\/revisions"}],"wp:featuredmedia":[{"embeddable":true,"href":"https:\/\/agromt.news\/index.php?rest_route=\/wp\/v2\/media\/5838"}],"wp:attachment":[{"href":"https:\/\/agromt.news\/index.php?rest_route=%2Fwp%2Fv2%2Fmedia&parent=14870"}],"wp:term":[{"taxonomy":"category","embeddable":true,"href":"https:\/\/agromt.news\/index.php?rest_route=%2Fwp%2Fv2%2Fcategories&post=14870"},{"taxonomy":"post_tag","embeddable":true,"href":"https:\/\/agromt.news\/index.php?rest_route=%2Fwp%2Fv2%2Ftags&post=14870"}],"curies":[{"name":"wp","href":"https:\/\/api.w.org\/{rel}","templated":true}]}}