{"id":14868,"date":"2025-06-10T08:11:16","date_gmt":"2025-06-10T12:11:16","guid":{"rendered":"https:\/\/agromt.news\/?p=14868"},"modified":"2025-06-10T08:11:16","modified_gmt":"2025-06-10T12:11:16","slug":"fpa-critica-novo-pacote-de-tributos-do-governo","status":"publish","type":"post","link":"https:\/\/agromt.news\/?p=14868","title":{"rendered":"FPA critica novo pacote de tributos do governo"},"content":{"rendered":"<p> <br \/>\n<br \/><img decoding=\"async\" src=\"https:\/\/agromt.news\/wp-content\/uploads\/2024\/11\/FPA-sugere-que-setor-de-proteina-pare-de-entregar-carnes-para.jpg\" \/><\/p>\n<div>\n<p>O presidente da Frente Parlamentar da Agropecu\u00e1ria (FPA), deputado federal Pedro Lupion (PP-PR), criticou a proposta do governo de instituir uma al\u00edquota de 5% de imposto sobre as Letras de Cr\u00e9dito do Agroneg\u00f3cio (LCAs). Atualmente, tanto as LCAs quanto as Letras de Cr\u00e9dito Imobili\u00e1rio (LCIs) s\u00e3o isentas de Imposto de Renda.<\/p>\n<p>\u201cEles (governo) sabem que (o Congresso) n\u00e3o tem como aceitar isso, sabem que isso \u00e9 prejudicial para o setor que carrega a nossa economia. N\u00e3o vamos nos calar\u201d, afirmou o parlamentar.<\/p>\n<p>Entidades do mercado imobili\u00e1rio tamb\u00e9m se manifestaram contra o fim da isen\u00e7\u00e3o das LCIs. O setor alerta que a mudan\u00e7a pode encarecer o cr\u00e9dito imobili\u00e1rio, exigindo maior valor de entrada por parte dos consumidores na aquisi\u00e7\u00e3o de im\u00f3veis.<\/p>\n<p>O pacote tribut\u00e1rio foi apresentado pelo ministro da Fazenda, Fernando Haddad, ap\u00f3s reuni\u00e3o com parlamentares no domingo (8). Ap\u00f3s quase seis horas de conversas, foi anunciado um acordo para reduzir o impacto do aumento do Imposto sobre Opera\u00e7\u00f5es Financeiras (IOF), com compensa\u00e7\u00f5es via taxa\u00e7\u00e3o de apostas eletr\u00f4nicas (bets) e outras medidas sobre o sistema financeiro.<\/p>\n<\/div>\n<div>\n<p>Essas mudan\u00e7as devem ser encaminhadas ao Congresso por meio de uma medida provis\u00f3ria, um projeto de lei complementar e, eventualmente, uma Proposta de Emenda \u00e0 Constitui\u00e7\u00e3o (PEC), a depender do conte\u00fado.<\/p>\n<p>No entanto, o presidente da C\u00e2mara, Hugo Motta (Republicanos-PB), afirmou nesta segunda-feira (9) que n\u00e3o h\u00e1 compromisso do Congresso com a aprova\u00e7\u00e3o dessas medidas. \u201cA medida provis\u00f3ria ser\u00e1 enviada apenas para que, do ponto de vista cont\u00e1bil, n\u00e3o se tenha de aumentar o contingenciamento que j\u00e1 est\u00e1 sendo feito\u201d, afirmou, durante evento promovido pelos jornais <em>Valor Econ\u00f4mico<\/em> e <em>O Globo<\/em>, e a r\u00e1dio CBN.<\/p>\n<p>Parlamentares da base do governo minimizaram a declara\u00e7\u00e3o, indicando que outras lideran\u00e7as pol\u00edticas ainda ser\u00e3o consultadas. Contudo, a resist\u00eancia de grupos como a FPA e representantes do setor imobili\u00e1rio aponta para uma tramita\u00e7\u00e3o com forte oposi\u00e7\u00e3o.<\/p>\n<p>Em nota, a Associa\u00e7\u00e3o Brasileira das Entidades dos Mercados Financeiro e de Capitais (Anbima) afirmou que o pacote tem \u201ccar\u00e1ter arrecadat\u00f3rio e de curto prazo\u201d, e n\u00e3o resolve \u201co problema em si, que \u00e9 estrutural e exige a\u00e7\u00f5es coordenadas de curto, m\u00e9dio e longo prazos\u201d.<\/p>\n<p><em>*Com informa\u00e7\u00f5es do Estad\u00e3o Conte\u00fado<\/em><\/p>\n<\/p><\/div>\n<p><br \/>\n<br \/><a href=\"https:\/\/www.canalrural.com.br\/economia\/fpa-critica-novo-pacote-de-tributos-do-governo\/\">Source link <\/a><\/p>\n","protected":false},"excerpt":{"rendered":"<p>O presidente da Frente Parlamentar da Agropecu\u00e1ria (FPA), deputado federal Pedro Lupion (PP-PR), criticou a proposta do governo de instituir<\/p>\n","protected":false},"author":1,"featured_media":14869,"comment_status":"open","ping_status":"open","sticky":false,"template":"","format":"standard","meta":{"_monsterinsights_skip_tracking":false,"_monsterinsights_sitenote_active":false,"_monsterinsights_sitenote_note":"","_monsterinsights_sitenote_category":0,"_uf_show_specific_survey":0,"_uf_disable_surveys":false,"footnotes":""},"categories":[1],"tags":[],"class_list":["post-14868","post","type-post","status-publish","format-standard","has-post-thumbnail","hentry","category-news"],"_links":{"self":[{"href":"https:\/\/agromt.news\/index.php?rest_route=\/wp\/v2\/posts\/14868"}],"collection":[{"href":"https:\/\/agromt.news\/index.php?rest_route=\/wp\/v2\/posts"}],"about":[{"href":"https:\/\/agromt.news\/index.php?rest_route=\/wp\/v2\/types\/post"}],"author":[{"embeddable":true,"href":"https:\/\/agromt.news\/index.php?rest_route=\/wp\/v2\/users\/1"}],"replies":[{"embeddable":true,"href":"https:\/\/agromt.news\/index.php?rest_route=%2Fwp%2Fv2%2Fcomments&post=14868"}],"version-history":[{"count":0,"href":"https:\/\/agromt.news\/index.php?rest_route=\/wp\/v2\/posts\/14868\/revisions"}],"wp:featuredmedia":[{"embeddable":true,"href":"https:\/\/agromt.news\/index.php?rest_route=\/wp\/v2\/media\/14869"}],"wp:attachment":[{"href":"https:\/\/agromt.news\/index.php?rest_route=%2Fwp%2Fv2%2Fmedia&parent=14868"}],"wp:term":[{"taxonomy":"category","embeddable":true,"href":"https:\/\/agromt.news\/index.php?rest_route=%2Fwp%2Fv2%2Fcategories&post=14868"},{"taxonomy":"post_tag","embeddable":true,"href":"https:\/\/agromt.news\/index.php?rest_route=%2Fwp%2Fv2%2Ftags&post=14868"}],"curies":[{"name":"wp","href":"https:\/\/api.w.org\/{rel}","templated":true}]}}