{"id":14866,"date":"2025-06-10T07:54:32","date_gmt":"2025-06-10T11:54:32","guid":{"rendered":"https:\/\/agromt.news\/?p=14866"},"modified":"2025-06-10T07:54:32","modified_gmt":"2025-06-10T11:54:32","slug":"casal-paraibano-lanca-rotulos-de-vinho-fino-em-sousa-sertao-da-paraiba","status":"publish","type":"post","link":"https:\/\/agromt.news\/?p=14866","title":{"rendered":"Casal paraibano lan\u00e7a r\u00f3tulos de vinho fino em Sousa, sert\u00e3o da Para\u00edba"},"content":{"rendered":"<p> <br \/>\n<br \/><img decoding=\"async\" src=\"https:\/\/agromt.news\/wp-content\/uploads\/2025\/06\/Casal-paraibano-lanca-rotulos-de-vinho-fino-em-Sousa-sertao.png\" \/><\/p>\n<div>\n<p>Em meio ao sert\u00e3o da Para\u00edba (PB), um sonho plantado por Herta S\u00f4nia e Jarismar Gon\u00e7alves come\u00e7a a transformar a paisagem e a economia do munic\u00edpio de Sousa. <\/p>\n<p>O casal que \u00e9 respons\u00e1vel pela cria\u00e7\u00e3o da Vin\u00edcola Ch\u00e2teau HS, lan\u00e7ou com apoio do Sebrae\/PB,<strong> os primeiros<\/strong> <a href=\"https:\/\/pb.agenciasebrae.com.br\/cultura-empreendedora\/primeiros-rotulos-de-vinho-fino-sao-produzidos-no-sertao-da-paraiba\/\">r\u00f3tulos de vinho fino <\/a>produzidos em Sousa (PB). A apresenta\u00e7\u00e3o aconteceu durante o Sousa Wine e Festival.<\/p>\n<p>Herta e Jarismar iniciaram o processo do cultivo das uvas h\u00e1 dois anos \u2013  apostando na for\u00e7a do sonho e no potencial do solo -, destaque para uva vitis vin\u00edfera \u2013 esp\u00e9cie de videiras para a produ\u00e7\u00e3o de vinho -, em quatro variedades: Malbec, Syrah, Tannat e Touriga Nacional.\u00a0 <\/p>\n<p>A produ\u00e7\u00e3o j\u00e1 alcan\u00e7ou uma tonelada, resultado de t\u00e9cnicas modernas como a fertirriga\u00e7\u00e3o, inspiradas na <a href=\"https:\/\/www.canalrural.com.br\/empreendedorismo\/sul-de-minas-entra-no-mapa-dos-grandes-vinhos-brasileiros\/\">vitivinicultura<\/a> do Vale do S\u00e3o Francisco. <\/p>\n<p>A vitivinicultura \u00e9 o conjunto de atividades que envolvem tanto o cultivo da uva (viticultura) quanto a produ\u00e7\u00e3o de vinho (vinicultura). <\/p>\n<h2 class=\"wp-block-heading\" id=\"h-uvas-abrem-as-porteiras-em-sousa\">Uvas abrem as porteiras em Sousa<\/h2>\n<p>A vin\u00edcola Ch\u00e2teau HS tamb\u00e9m celebra a hist\u00f3ria de vida do casal. Um dos r\u00f3tulos, Nozze D\u2019argento, marca os 25 anos de casamento de Herta e Jarismar. <\/p>\n<\/div>\n<div>\n<p>J\u00e1 o r\u00f3tulo Abelisaurus homenageia as famosas pegadas de dinossauros da regi\u00e3o, refor\u00e7ando o v\u00ednculo com a cultura local.<\/p>\n<p>\u201cTrata-se do primeiro lan\u00e7amento de r\u00f3tulos de vinho produzido em solo de Sousa. E o Sebrae enquanto institui\u00e7\u00e3o de fomento ao desenvolvimento dos pequenos neg\u00f3cios, participa dessa a\u00e7\u00e3o cumprindo o seu dever\u201d, afirma Camila N\u00f3brega, gerente da ag\u00eancia do Sebrae\/PB em Sousa.<\/p>\n<ul class=\"wp-block-list\">\n<li><em>Participe do Porteira Aberta Empreender: envie perguntas, sugest\u00f5es e conte sua hist\u00f3ria de empreendedorismo pelo<\/em><strong><em>\u00a0<\/em><\/strong><a href=\"https:\/\/api.whatsapp.com\/send?phone=5511932796720&amp;PorteiraAbertaEmpreender=SuaMensagem\"><strong><em>WhatsApp<\/em><\/strong><\/a>.<\/li>\n<\/ul>\n<p>Com apoio do Sebrae\/PB, a vin\u00edcola aposta tamb\u00e9m no enoturismo como novo vetor de desenvolvimento para Sousa. <\/p>\n<p>\u201cN\u00e3o s\u00f3 para a vin\u00edcola em particular, mas para toda a regi\u00e3o, que cresce junto com a hist\u00f3ria e o enoturismo, que \u00e9 a atividade do turismo \u2013 pode agregar muito nesse ambiente dos neg\u00f3cios\u201d, afirma Gon\u00e7alves.<\/p>\n<p>Mais que vinhos, o casal colhe reconhecimento e abre caminho para que a produ\u00e7\u00e3o de uvas finas flores\u00e7a no sert\u00e3o.<\/p>\n<\/p><\/div>\n<p><br \/>\n<br \/><a href=\"https:\/\/www.canalrural.com.br\/empreendedorismo\/casal-paraibano-lanca-rotulos-de-vinho-fino-em-sousa-sertao-da-paraiba\/\">Source link <\/a><\/p>\n","protected":false},"excerpt":{"rendered":"<p>Em meio ao sert\u00e3o da Para\u00edba (PB), um sonho plantado por Herta S\u00f4nia e Jarismar Gon\u00e7alves come\u00e7a a transformar a<\/p>\n","protected":false},"author":1,"featured_media":14867,"comment_status":"open","ping_status":"open","sticky":false,"template":"","format":"standard","meta":{"_monsterinsights_skip_tracking":false,"_monsterinsights_sitenote_active":false,"_monsterinsights_sitenote_note":"","_monsterinsights_sitenote_category":0,"_uf_show_specific_survey":0,"_uf_disable_surveys":false,"footnotes":""},"categories":[1],"tags":[],"class_list":["post-14866","post","type-post","status-publish","format-standard","has-post-thumbnail","hentry","category-news"],"_links":{"self":[{"href":"https:\/\/agromt.news\/index.php?rest_route=\/wp\/v2\/posts\/14866"}],"collection":[{"href":"https:\/\/agromt.news\/index.php?rest_route=\/wp\/v2\/posts"}],"about":[{"href":"https:\/\/agromt.news\/index.php?rest_route=\/wp\/v2\/types\/post"}],"author":[{"embeddable":true,"href":"https:\/\/agromt.news\/index.php?rest_route=\/wp\/v2\/users\/1"}],"replies":[{"embeddable":true,"href":"https:\/\/agromt.news\/index.php?rest_route=%2Fwp%2Fv2%2Fcomments&post=14866"}],"version-history":[{"count":0,"href":"https:\/\/agromt.news\/index.php?rest_route=\/wp\/v2\/posts\/14866\/revisions"}],"wp:featuredmedia":[{"embeddable":true,"href":"https:\/\/agromt.news\/index.php?rest_route=\/wp\/v2\/media\/14867"}],"wp:attachment":[{"href":"https:\/\/agromt.news\/index.php?rest_route=%2Fwp%2Fv2%2Fmedia&parent=14866"}],"wp:term":[{"taxonomy":"category","embeddable":true,"href":"https:\/\/agromt.news\/index.php?rest_route=%2Fwp%2Fv2%2Fcategories&post=14866"},{"taxonomy":"post_tag","embeddable":true,"href":"https:\/\/agromt.news\/index.php?rest_route=%2Fwp%2Fv2%2Ftags&post=14866"}],"curies":[{"name":"wp","href":"https:\/\/api.w.org\/{rel}","templated":true}]}}