{"id":14865,"date":"2025-06-10T06:49:01","date_gmt":"2025-06-10T10:49:01","guid":{"rendered":"https:\/\/agromt.news\/?p=14865"},"modified":"2025-06-10T06:49:01","modified_gmt":"2025-06-10T10:49:01","slug":"goias-projeta-safra-recorde-de-girassol-em-2024-25","status":"publish","type":"post","link":"https:\/\/agromt.news\/?p=14865","title":{"rendered":"Goi\u00e1s projeta safra recorde de girassol em 2024\/25"},"content":{"rendered":"<p> <br \/>\n<\/p>\n<div>\n<p style=\"text-align:justify\">A cultura do girassol vem ampliando sua presen\u00e7a nas lavouras goianas e se consolida como alternativa estrat\u00e9gica para a segunda safra no estado. Segundo o boletim Agro em Dados de junho, divulgado pela Secretaria de Estado de Agricultura, Pecu\u00e1ria e Abastecimento de Goi\u00e1s, a expectativa para a temporada 2024\/25 \u00e9 de uma colheita recorde de 71 mil toneladas em uma \u00e1rea plantada estimada de 47,3 mil hectares.&#13;\n<\/p>\n<p style=\"text-align:justify\">Com esses n\u00fameros, Goi\u00e1s deve responder por 71,6% da produ\u00e7\u00e3o nacional de girassol. Em compara\u00e7\u00e3o com a safra anterior, a proje\u00e7\u00e3o \u00e9 de crescimento de 58,8% no volume colhido, 20,7% na \u00e1rea cultivada e 31,6% na produtividade das lavouras.<\/p>\n<p style=\"text-align:justify\">A Secretaria aponta que o desempenho \u00e9 reflexo de boas condi\u00e7\u00f5es clim\u00e1ticas, aus\u00eancia de doen\u00e7as f\u00fangicas e manejo agron\u00f4mico eficiente. \u201cO girassol tem ganhado cada vez mais espa\u00e7o nas propriedades rurais de Goi\u00e1s, assumindo posi\u00e7\u00e3o de destaque como uma das culturas mais promissoras para a segunda safra no estado\u201d, destaca o boletim.<\/p>\n<p style=\"text-align:justify\">Cultivado logo ap\u00f3s a soja, o girassol se beneficia do per\u00edodo da segunda safra, com maior resist\u00eancia \u00e0 escassez h\u00eddrica e menor incid\u00eancia de pragas e doen\u00e7as. Al\u00e9m disso, favorece a fertilidade do solo e amplia a biodiversidade, especialmente quando associado \u00e0 apicultura.&#13;\n<\/p>\n<p style=\"text-align:justify\">Com ampla aplica\u00e7\u00e3o industrial, as sementes do girassol s\u00e3o utilizadas para produ\u00e7\u00e3o de \u00f3leo com alto valor nutricional, com destino aos setores aliment\u00edcio, farmac\u00eautico, cosm\u00e9tico, de nutri\u00e7\u00e3o animal e biocombust\u00edveis. O estado de Goi\u00e1s apresenta vantagens estruturais e clim\u00e1ticas para o cultivo da oleaginosa.<\/p>\n<p style=\"text-align:justify\">Desde 1997, quando a Companhia Nacional de Abastecimento (Conab) iniciou o monitoramento da cultura, Goi\u00e1s j\u00e1 se destacava como maior produtor nacional. A retomada da lideran\u00e7a ocorreu na safra 2020\/21, com crescimento cont\u00ednuo desde ent\u00e3o. Os munic\u00edpios de Silv\u00e2nia, Ipameri, Rio Verde e Catal\u00e3o figuram entre os principais polos produtores do estado.&#13;\n<\/p>\n<\/p><\/div>\n<p><script data-cfasync=\"false\">\n    !function (f, b, e, v, n, t, s) {\n        if (f.fbq) return; n = f.fbq = function () {\n            n.callMethod ?\n                n.callMethod.apply(n, arguments) : n.queue.push(arguments)\n        };\n        if (!f._fbq) f._fbq = n; n.push = n; n.loaded = !0; n.version = '2.0';\n        n.queue = []; t = b.createElement(e); t.async = !0;\n        t.src = v; s = b.getElementsByTagName(e)[0];\n        s.parentNode.insertBefore(t, s)\n    }(window, document, 'script',\n        'https:\/\/connect.facebook.net\/en_US\/fbevents.js');\n    fbq('init', '522546078623747');\n    fbq('track', 'PageView');\n<\/script><br \/>\n<br \/><br \/>\n<br \/><a href=\"https:\/\/www.agrolink.com.br\/noticias\/goias-projeta-safra-recorde-de-girassol-em-2024-25_502741.html\">Source link <\/a><\/p>\n","protected":false},"excerpt":{"rendered":"<p>A cultura do girassol vem ampliando sua presen\u00e7a nas lavouras goianas e se consolida como alternativa estrat\u00e9gica para a segunda<\/p>\n","protected":false},"author":1,"featured_media":2297,"comment_status":"open","ping_status":"open","sticky":false,"template":"","format":"standard","meta":{"_monsterinsights_skip_tracking":false,"_monsterinsights_sitenote_active":false,"_monsterinsights_sitenote_note":"","_monsterinsights_sitenote_category":0,"_uf_show_specific_survey":0,"_uf_disable_surveys":false,"footnotes":""},"categories":[8,1,14],"tags":[],"class_list":["post-14865","post","type-post","status-publish","format-standard","has-post-thumbnail","hentry","category-agro","category-news","category-politica-agro"],"_links":{"self":[{"href":"https:\/\/agromt.news\/index.php?rest_route=\/wp\/v2\/posts\/14865"}],"collection":[{"href":"https:\/\/agromt.news\/index.php?rest_route=\/wp\/v2\/posts"}],"about":[{"href":"https:\/\/agromt.news\/index.php?rest_route=\/wp\/v2\/types\/post"}],"author":[{"embeddable":true,"href":"https:\/\/agromt.news\/index.php?rest_route=\/wp\/v2\/users\/1"}],"replies":[{"embeddable":true,"href":"https:\/\/agromt.news\/index.php?rest_route=%2Fwp%2Fv2%2Fcomments&post=14865"}],"version-history":[{"count":0,"href":"https:\/\/agromt.news\/index.php?rest_route=\/wp\/v2\/posts\/14865\/revisions"}],"wp:featuredmedia":[{"embeddable":true,"href":"https:\/\/agromt.news\/index.php?rest_route=\/wp\/v2\/media\/2297"}],"wp:attachment":[{"href":"https:\/\/agromt.news\/index.php?rest_route=%2Fwp%2Fv2%2Fmedia&parent=14865"}],"wp:term":[{"taxonomy":"category","embeddable":true,"href":"https:\/\/agromt.news\/index.php?rest_route=%2Fwp%2Fv2%2Fcategories&post=14865"},{"taxonomy":"post_tag","embeddable":true,"href":"https:\/\/agromt.news\/index.php?rest_route=%2Fwp%2Fv2%2Ftags&post=14865"}],"curies":[{"name":"wp","href":"https:\/\/api.w.org\/{rel}","templated":true}]}}